{"id":3987,"date":"2026-06-11T12:11:48","date_gmt":"2026-06-11T10:11:48","guid":{"rendered":"https:\/\/envoltaglobal.com\/sin-categoria\/madera-y-materiales-de-base-biologica-cuando-el-material-captura-mas-carbono-del-que-emite\/"},"modified":"2026-08-11T13:46:27","modified_gmt":"2026-08-11T11:46:27","slug":"madera-y-materiales-de-base-biologica-cuando-el-material-captura-mas-carbono-del-que-emite","status":"publish","type":"post","link":"https:\/\/envoltaglobal.com\/es\/construccion\/madera-y-materiales-de-base-biologica-cuando-el-material-captura-mas-carbono-del-que-emite\/","title":{"rendered":"Madera y materiales de base biol\u00f3gica: cuando el material captura m\u00e1s carbono del que emite"},"content":{"rendered":"\t\t<div data-elementor-type=\"wp-post\" data-elementor-id=\"3987\" class=\"elementor elementor-3987 elementor-2806\" data-elementor-post-type=\"post\">\n\t\t\t\t<div class=\"elementor-element elementor-element-e4ddd09 e-flex e-con-boxed e-con e-parent\" data-id=\"e4ddd09\" data-element_type=\"container\" data-e-type=\"container\">\n\t\t\t\t\t<div class=\"e-con-inner\">\n\t\t<div class=\"elementor-element elementor-element-63e7c34 e-con-full e-flex e-con e-child\" data-id=\"63e7c34\" data-element_type=\"container\" data-e-type=\"container\">\n\t\t\t\t<div class=\"elementor-element elementor-element-7d6657a elementor-widget elementor-widget-heading\" data-id=\"7d6657a\" data-element_type=\"widget\" data-e-type=\"widget\" data-widget_type=\"heading.default\">\n\t\t\t\t<div class=\"elementor-widget-container\">\n\t\t\t\t\t<h1 class=\"elementor-heading-title elementor-size-default\">Madera y materiales de base biol\u00f3gica: cuando el material captura m\u00e1s carbono del que emite<\/h1>\t\t\t\t<\/div>\n\t\t\t\t<\/div>\n\t\t\t\t<div class=\"elementor-element elementor-element-39f4a60 elementor-widget elementor-widget-theme-post-excerpt\" data-id=\"39f4a60\" data-element_type=\"widget\" data-e-type=\"widget\" data-widget_type=\"theme-post-excerpt.default\">\n\t\t\t\t<div class=\"elementor-widget-container\">\n\t\t\t\t\tNo todos los materiales suman las emisiones. Algunas, como la madera de origen sostenible, almacenan carbono. Elegir el material adecuado es una de las decisiones m\u00e1s impactantes de todo el proyecto.  \t\t\t\t<\/div>\n\t\t\t\t<\/div>\n\t\t\t\t<\/div>\n\t\t<div class=\"elementor-element elementor-element-c7a39cf e-con-full e-flex e-con e-child\" data-id=\"c7a39cf\" data-element_type=\"container\" data-e-type=\"container\" data-settings=\"{&quot;background_background&quot;:&quot;classic&quot;}\">\n\t\t\t\t<div class=\"elementor-element elementor-element-e6a39e2 elementor-widget elementor-widget-spacer\" data-id=\"e6a39e2\" data-element_type=\"widget\" data-e-type=\"widget\" data-widget_type=\"spacer.default\">\n\t\t\t\t<div class=\"elementor-widget-container\">\n\t\t\t\t\t\t\t<div class=\"elementor-spacer\">\n\t\t\t<div class=\"elementor-spacer-inner\"><\/div>\n\t\t<\/div>\n\t\t\t\t\t\t<\/div>\n\t\t\t\t<\/div>\n\t\t\t\t<\/div>\n\t\t\t\t\t<\/div>\n\t\t\t\t<\/div>\n\t\t<div class=\"elementor-element elementor-element-bb9e59b e-flex e-con-boxed e-con e-parent\" data-id=\"bb9e59b\" data-element_type=\"container\" data-e-type=\"container\">\n\t\t\t\t\t<div class=\"e-con-inner\">\n\t\t\t\t<div class=\"elementor-element elementor-element-e060110 elementor-widget__width-initial elementor-widget elementor-widget-text-editor\" data-id=\"e060110\" data-element_type=\"widget\" data-e-type=\"widget\" data-widget_type=\"text-editor.default\">\n\t\t\t\t<div class=\"elementor-widget-container\">\n\t\t\t\t\t\t\t\t\t<p><span data-contrast=\"auto\">La estructura y la envoltura concentran la mayor parte del carbono incorporado de un edificio, por lo que el material con el que est\u00e1n construidos es decisivo. Aqu\u00ed es donde entran en juego los materiales de origen biol\u00f3gico: la madera de origen sostenible, por ejemplo, fija m\u00e1s carbono durante su crecimiento del que emite su producci\u00f3n, por lo que act\u00faa como un almacenamiento temporal de CO\u2082 mientras forma parte del edificio. <\/span><span data-ccp-props=\"{\"201341983\":0,\"335559739\":150,\"335559740\":300}\"> <\/span><\/p><p><span data-contrast=\"auto\">M\u00e1s all\u00e1 de la madera, hay toda una gama de opciones para reducir la huella de los materiales: hormig\u00f3n con a\u00f1adidos que sustituyen parte del cl\u00ednker, acero con alto contenido reciclado, aislamiento de origen natural y productos dise\u00f1ados para ser desmontados y reutilizados. Ninguna de estas opciones es universal; La mejor combinaci\u00f3n depende del proyecto, el clima y los requisitos estructurales, y aqu\u00ed es precisamente donde el an\u00e1lisis t\u00e9cnico aporta valor. <\/span><span data-ccp-props=\"{\"201341983\":0,\"335559739\":150,\"335559740\":300}\"> <\/span><\/p><p><span data-contrast=\"auto\">Para los fabricantes, la demanda de materiales bajos en carbono es una clara oportunidad de diferenciaci\u00f3n, siempre que puedan demostrarlo con datos verificados. Para los especificadores y empresas constructoras, conocer la huella real de cada alternativa les permite decidir con criterios y justificar la elecci\u00f3n ante el cliente y las regulaciones. <\/span><\/p>\t\t\t\t\t\t\t\t<\/div>\n\t\t\t\t<\/div>\n\t\t\t\t\t<\/div>\n\t\t\t\t<\/div>\n\t\t<div class=\"elementor-element elementor-element-6592ca1 e-flex e-con-boxed e-con e-parent\" data-id=\"6592ca1\" data-element_type=\"container\" data-e-type=\"container\">\n\t\t\t\t\t<div class=\"e-con-inner\">\n\t\t\t\t<div class=\"elementor-element elementor-element-c95c4c4 elementor-widget elementor-widget-template\" data-id=\"c95c4c4\" data-element_type=\"widget\" data-e-type=\"widget\" data-widget_type=\"template.default\">\n\t\t\t\t<div class=\"elementor-widget-container\">\n\t\t\t\t\t\t\t<div class=\"elementor-template\">\n\t\t\t\t\t<div data-elementor-type=\"container\" data-elementor-id=\"2297\" class=\"elementor elementor-2297 elementor-1640 elementor-1640\" data-elementor-post-type=\"elementor_library\">\n\t\t\t\t<div class=\"elementor-element elementor-element-43af5810 e-flex e-con-boxed e-con e-parent\" data-id=\"43af5810\" data-element_type=\"container\" data-e-type=\"container\" data-settings=\"{&quot;background_background&quot;:&quot;classic&quot;}\">\n\t\t\t\t\t<div class=\"e-con-inner\">\n\t\t<div class=\"elementor-element elementor-element-53e91306 e-con-full e-flex e-con e-child\" data-id=\"53e91306\" data-element_type=\"container\" data-e-type=\"container\">\n\t\t\t\t<div class=\"elementor-element elementor-element-7628bcfc elementor-widget elementor-widget-heading\" data-id=\"7628bcfc\" data-element_type=\"widget\" data-e-type=\"widget\" data-widget_type=\"heading.default\">\n\t\t\t\t<div class=\"elementor-widget-container\">\n\t\t\t\t\t<h2 class=\"elementor-heading-title elementor-size-default\">\u00bfC\u00f3mo podemos ayudarte?<\/h2>\t\t\t\t<\/div>\n\t\t\t\t<\/div>\n\t\t\t\t<div class=\"elementor-element elementor-element-6897c03 elementor-widget elementor-widget-text-editor\" data-id=\"6897c03\" data-element_type=\"widget\" data-e-type=\"widget\" data-widget_type=\"text-editor.default\">\n\t\t\t\t<div class=\"elementor-widget-container\">\n\t\t\t\t\t\t\t\t\t<p>Te gu\u00edamos en sostenibilidad y cumplimiento normativo para que tu negocio crezca con impacto y seguridad.  <\/p>\t\t\t\t\t\t\t\t<\/div>\n\t\t\t\t<\/div>\n\t\t\t\t<div class=\"elementor-element elementor-element-587e1ebb elementor-widget elementor-widget-button\" data-id=\"587e1ebb\" data-element_type=\"widget\" data-e-type=\"widget\" data-widget_type=\"button.default\">\n\t\t\t\t<div class=\"elementor-widget-container\">\n\t\t\t\t\t\t\t\t\t<div class=\"elementor-button-wrapper\">\n\t\t\t\t\t<a class=\"elementor-button elementor-button-link elementor-size-sm\" href=\"https:\/\/envoltaglobal.com\/es\/contacta\/\">\n\t\t\t\t\t\t<span class=\"elementor-button-content-wrapper\">\n\t\t\t\t\t\t\t\t\t<span class=\"elementor-button-text\">CONTACTA<\/span>\n\t\t\t\t\t<\/span>\n\t\t\t\t\t<\/a>\n\t\t\t\t<\/div>\n\t\t\t\t\t\t\t\t<\/div>\n\t\t\t\t<\/div>\n\t\t\t\t<\/div>\n\t\t<div class=\"elementor-element elementor-element-48850d91 e-con-full e-flex e-con e-child\" data-id=\"48850d91\" data-element_type=\"container\" data-e-type=\"container\" data-settings=\"{&quot;background_background&quot;:&quot;classic&quot;}\">\n\t\t\t\t<div class=\"elementor-element elementor-element-446bcd50 elementor-widget elementor-widget-spacer\" data-id=\"446bcd50\" data-element_type=\"widget\" data-e-type=\"widget\" data-widget_type=\"spacer.default\">\n\t\t\t\t<div class=\"elementor-widget-container\">\n\t\t\t\t\t\t\t<div class=\"elementor-spacer\">\n\t\t\t<div class=\"elementor-spacer-inner\"><\/div>\n\t\t<\/div>\n\t\t\t\t\t\t<\/div>\n\t\t\t\t<\/div>\n\t\t\t\t<\/div>\n\t\t\t\t\t<\/div>\n\t\t\t\t<\/div>\n\t\t\t\t<\/div>\n\t\t\t\t<\/div>\n\t\t\t\t\t\t<\/div>\n\t\t\t\t<\/div>\n\t\t\t\t\t<\/div>\n\t\t\t\t<\/div>\n\t\t\t\t<\/div>\n\t\t","protected":false},"excerpt":{"rendered":"<p>No todos los materiales suman las emisiones. Algunas, como la madera de origen sostenible, almacenan carbono. Elegir el material adecuado es una de las decisiones m\u00e1s impactantes de todo el proyecto.  <\/p>\n","protected":false},"author":2,"featured_media":3991,"comment_status":"closed","ping_status":"closed","sticky":false,"template":"","format":"standard","meta":{"_acf_changed":false,"inline_featured_image":false,"footnotes":""},"categories":[54],"tags":[],"class_list":["post-3987","post","type-post","status-publish","format-standard","has-post-thumbnail","hentry","category-construccion"],"acf":[],"yoast_head":"<!-- This site is optimized with the Yoast SEO plugin v28.1 - https:\/\/yoast.com\/product\/yoast-seo-wordpress\/ -->\n<title>\u25b7Madera y materiales de base biol\u00f3gica: cuando el material captura m\u00e1s carbono del que emite - \u3010 Envolta Global \u3011<\/title>\n<meta name=\"description\" content=\"No todos los materiales suman las emisiones. Algunas, como la madera de origen sostenible, almacenan carbono. Elegir el material adecuado es una de las decisiones m\u00e1s impactantes de todo el proyecto. \u2713\" \/>\n<meta name=\"robots\" content=\"index, follow, max-snippet:-1, max-image-preview:large, max-video-preview:-1\" \/>\n<link rel=\"canonical\" href=\"https:\/\/envoltaglobal.com\/es\/construccion\/madera-y-materiales-de-base-biologica-cuando-el-material-captura-mas-carbono-del-que-emite\/\" \/>\n<meta property=\"og:locale\" content=\"es_ES\" \/>\n<meta property=\"og:type\" content=\"article\" \/>\n<meta property=\"og:title\" content=\"\u25b7Madera y materiales de base biol\u00f3gica: cuando el material captura m\u00e1s carbono del que emite - \u3010 Envolta Global \u3011\" \/>\n<meta property=\"og:description\" content=\"No todos los materiales suman las emisiones. Algunas, como la madera de origen sostenible, almacenan carbono. Elegir el material adecuado es una de las decisiones m\u00e1s impactantes de todo el proyecto. \u2713\" \/>\n<meta property=\"og:url\" content=\"https:\/\/envoltaglobal.com\/es\/construccion\/madera-y-materiales-de-base-biologica-cuando-el-material-captura-mas-carbono-del-que-emite\/\" \/>\n<meta property=\"og:site_name\" content=\"Envolta Global\" \/>\n<meta property=\"article:published_time\" content=\"2026-06-11T10:11:48+00:00\" \/>\n<meta property=\"article:modified_time\" content=\"2026-08-11T11:46:27+00:00\" \/>\n<meta property=\"og:image\" content=\"https:\/\/envoltaglobal.com\/wp-content\/uploads\/2026\/06\/article-12-scaled.jpg\" \/>\n\t<meta property=\"og:image:width\" content=\"2560\" \/>\n\t<meta property=\"og:image:height\" content=\"1707\" \/>\n\t<meta property=\"og:image:type\" content=\"image\/jpeg\" \/>\n<meta name=\"author\" content=\"wwwarcelona Dev user\" \/>\n<meta name=\"twitter:card\" content=\"summary_large_image\" \/>\n<meta name=\"twitter:label1\" content=\"Escrito por\" \/>\n\t<meta name=\"twitter:data1\" content=\"wwwarcelona Dev user\" \/>\n\t<meta name=\"twitter:label2\" content=\"Tiempo de lectura\" \/>\n\t<meta name=\"twitter:data2\" content=\"1 minuto\" \/>\n<script type=\"application\/ld+json\" class=\"yoast-schema-graph\">{\"@context\":\"https:\\\/\\\/schema.org\",\"@graph\":[{\"@type\":\"Article\",\"@id\":\"https:\\\/\\\/envoltaglobal.com\\\/es\\\/construccion\\\/madera-y-materiales-de-base-biologica-cuando-el-material-captura-mas-carbono-del-que-emite\\\/#article\",\"isPartOf\":{\"@id\":\"https:\\\/\\\/envoltaglobal.com\\\/es\\\/construccion\\\/madera-y-materiales-de-base-biologica-cuando-el-material-captura-mas-carbono-del-que-emite\\\/\"},\"author\":{\"name\":\"wwwarcelona Dev user\",\"@id\":\"https:\\\/\\\/envoltaglobal.com\\\/es\\\/#\\\/schema\\\/person\\\/cf24f1946a9c88bc41aea5d46c7db891\"},\"headline\":\"Madera y materiales de base biol\u00f3gica: cuando el material captura m\u00e1s carbono del que emite\",\"datePublished\":\"2026-06-11T10:11:48+00:00\",\"dateModified\":\"2026-08-11T11:46:27+00:00\",\"mainEntityOfPage\":{\"@id\":\"https:\\\/\\\/envoltaglobal.com\\\/es\\\/construccion\\\/madera-y-materiales-de-base-biologica-cuando-el-material-captura-mas-carbono-del-que-emite\\\/\"},\"wordCount\":225,\"publisher\":{\"@id\":\"https:\\\/\\\/envoltaglobal.com\\\/es\\\/#organization\"},\"image\":{\"@id\":\"https:\\\/\\\/envoltaglobal.com\\\/es\\\/construccion\\\/madera-y-materiales-de-base-biologica-cuando-el-material-captura-mas-carbono-del-que-emite\\\/#primaryimage\"},\"thumbnailUrl\":\"https:\\\/\\\/envoltaglobal.com\\\/wp-content\\\/uploads\\\/2026\\\/06\\\/article-12-scaled.jpg\",\"articleSection\":[\"Construcci\u00f3n\"],\"inLanguage\":\"es\"},{\"@type\":\"WebPage\",\"@id\":\"https:\\\/\\\/envoltaglobal.com\\\/es\\\/construccion\\\/madera-y-materiales-de-base-biologica-cuando-el-material-captura-mas-carbono-del-que-emite\\\/\",\"url\":\"https:\\\/\\\/envoltaglobal.com\\\/es\\\/construccion\\\/madera-y-materiales-de-base-biologica-cuando-el-material-captura-mas-carbono-del-que-emite\\\/\",\"name\":\"\u25b7Madera y materiales de base biol\u00f3gica: cuando el material captura m\u00e1s carbono del que emite - \u3010 Envolta Global \u3011\",\"isPartOf\":{\"@id\":\"https:\\\/\\\/envoltaglobal.com\\\/es\\\/#website\"},\"primaryImageOfPage\":{\"@id\":\"https:\\\/\\\/envoltaglobal.com\\\/es\\\/construccion\\\/madera-y-materiales-de-base-biologica-cuando-el-material-captura-mas-carbono-del-que-emite\\\/#primaryimage\"},\"image\":{\"@id\":\"https:\\\/\\\/envoltaglobal.com\\\/es\\\/construccion\\\/madera-y-materiales-de-base-biologica-cuando-el-material-captura-mas-carbono-del-que-emite\\\/#primaryimage\"},\"thumbnailUrl\":\"https:\\\/\\\/envoltaglobal.com\\\/wp-content\\\/uploads\\\/2026\\\/06\\\/article-12-scaled.jpg\",\"datePublished\":\"2026-06-11T10:11:48+00:00\",\"dateModified\":\"2026-08-11T11:46:27+00:00\",\"description\":\"No todos los materiales suman las emisiones. Algunas, como la madera de origen sostenible, almacenan carbono. Elegir el material adecuado es una de las decisiones m\u00e1s impactantes de todo el proyecto. \u2713\",\"breadcrumb\":{\"@id\":\"https:\\\/\\\/envoltaglobal.com\\\/es\\\/construccion\\\/madera-y-materiales-de-base-biologica-cuando-el-material-captura-mas-carbono-del-que-emite\\\/#breadcrumb\"},\"inLanguage\":\"es\",\"potentialAction\":[{\"@type\":\"ReadAction\",\"target\":[\"https:\\\/\\\/envoltaglobal.com\\\/es\\\/construccion\\\/madera-y-materiales-de-base-biologica-cuando-el-material-captura-mas-carbono-del-que-emite\\\/\"]}]},{\"@type\":\"ImageObject\",\"inLanguage\":\"es\",\"@id\":\"https:\\\/\\\/envoltaglobal.com\\\/es\\\/construccion\\\/madera-y-materiales-de-base-biologica-cuando-el-material-captura-mas-carbono-del-que-emite\\\/#primaryimage\",\"url\":\"https:\\\/\\\/envoltaglobal.com\\\/wp-content\\\/uploads\\\/2026\\\/06\\\/article-12-scaled.jpg\",\"contentUrl\":\"https:\\\/\\\/envoltaglobal.com\\\/wp-content\\\/uploads\\\/2026\\\/06\\\/article-12-scaled.jpg\",\"width\":2560,\"height\":1707},{\"@type\":\"BreadcrumbList\",\"@id\":\"https:\\\/\\\/envoltaglobal.com\\\/es\\\/construccion\\\/madera-y-materiales-de-base-biologica-cuando-el-material-captura-mas-carbono-del-que-emite\\\/#breadcrumb\",\"itemListElement\":[{\"@type\":\"ListItem\",\"position\":1,\"name\":\"Portada\",\"item\":\"https:\\\/\\\/envoltaglobal.com\\\/es\\\/hombre\\\/\"},{\"@type\":\"ListItem\",\"position\":2,\"name\":\"Madera y materiales de base biol\u00f3gica: cuando el material captura m\u00e1s carbono del que emite\"}]},{\"@type\":\"WebSite\",\"@id\":\"https:\\\/\\\/envoltaglobal.com\\\/es\\\/#website\",\"url\":\"https:\\\/\\\/envoltaglobal.com\\\/es\\\/\",\"name\":\"Envolta Global\",\"description\":\"Envolta\",\"publisher\":{\"@id\":\"https:\\\/\\\/envoltaglobal.com\\\/es\\\/#organization\"},\"potentialAction\":[{\"@type\":\"SearchAction\",\"target\":{\"@type\":\"EntryPoint\",\"urlTemplate\":\"https:\\\/\\\/envoltaglobal.com\\\/es\\\/?s={search_term_string}\"},\"query-input\":{\"@type\":\"PropertyValueSpecification\",\"valueRequired\":true,\"valueName\":\"search_term_string\"}}],\"inLanguage\":\"es\"},{\"@type\":\"Organization\",\"@id\":\"https:\\\/\\\/envoltaglobal.com\\\/es\\\/#organization\",\"name\":\"Envolta Global\",\"url\":\"https:\\\/\\\/envoltaglobal.com\\\/es\\\/\",\"logo\":{\"@type\":\"ImageObject\",\"inLanguage\":\"es\",\"@id\":\"https:\\\/\\\/envoltaglobal.com\\\/es\\\/#\\\/schema\\\/logo\\\/image\\\/\",\"url\":\"https:\\\/\\\/envoltaglobal.com\\\/wp-content\\\/uploads\\\/2026\\\/06\\\/cropped-Envolta_energia-logo.png\",\"contentUrl\":\"https:\\\/\\\/envoltaglobal.com\\\/wp-content\\\/uploads\\\/2026\\\/06\\\/cropped-Envolta_energia-logo.png\",\"width\":1257,\"height\":198,\"caption\":\"Envolta Global\"},\"image\":{\"@id\":\"https:\\\/\\\/envoltaglobal.com\\\/es\\\/#\\\/schema\\\/logo\\\/image\\\/\"}},{\"@type\":\"Person\",\"@id\":\"https:\\\/\\\/envoltaglobal.com\\\/es\\\/#\\\/schema\\\/person\\\/cf24f1946a9c88bc41aea5d46c7db891\",\"name\":\"wwwarcelona Dev user\",\"image\":{\"@type\":\"ImageObject\",\"inLanguage\":\"es\",\"@id\":\"https:\\\/\\\/secure.gravatar.com\\\/avatar\\\/0c6819356538849544fe79abd31afb6f42861bbb96368a1f2151f9a226524dcd?s=96&d=mm&r=g\",\"url\":\"https:\\\/\\\/secure.gravatar.com\\\/avatar\\\/0c6819356538849544fe79abd31afb6f42861bbb96368a1f2151f9a226524dcd?s=96&d=mm&r=g\",\"contentUrl\":\"https:\\\/\\\/secure.gravatar.com\\\/avatar\\\/0c6819356538849544fe79abd31afb6f42861bbb96368a1f2151f9a226524dcd?s=96&d=mm&r=g\",\"caption\":\"wwwarcelona Dev user\"}}]}<\/script>\n<!-- \/ Yoast SEO plugin. -->","yoast_head_json":{"title":"\u25b7Madera y materiales de base biol\u00f3gica: cuando el material captura m\u00e1s carbono del que emite - \u3010 Envolta Global \u3011","description":"No todos los materiales suman las emisiones. Algunas, como la madera de origen sostenible, almacenan carbono. Elegir el material adecuado es una de las decisiones m\u00e1s impactantes de todo el proyecto. \u2713","robots":{"index":"index","follow":"follow","max-snippet":"max-snippet:-1","max-image-preview":"max-image-preview:large","max-video-preview":"max-video-preview:-1"},"canonical":"https:\/\/envoltaglobal.com\/es\/construccion\/madera-y-materiales-de-base-biologica-cuando-el-material-captura-mas-carbono-del-que-emite\/","og_locale":"es_ES","og_type":"article","og_title":"\u25b7Madera y materiales de base biol\u00f3gica: cuando el material captura m\u00e1s carbono del que emite - \u3010 Envolta Global \u3011","og_description":"No todos los materiales suman las emisiones. Algunas, como la madera de origen sostenible, almacenan carbono. Elegir el material adecuado es una de las decisiones m\u00e1s impactantes de todo el proyecto. \u2713","og_url":"https:\/\/envoltaglobal.com\/es\/construccion\/madera-y-materiales-de-base-biologica-cuando-el-material-captura-mas-carbono-del-que-emite\/","og_site_name":"Envolta Global","article_published_time":"2026-06-11T10:11:48+00:00","article_modified_time":"2026-08-11T11:46:27+00:00","og_image":[{"width":2560,"height":1707,"url":"https:\/\/envoltaglobal.com\/wp-content\/uploads\/2026\/06\/article-12-scaled.jpg","type":"image\/jpeg"}],"author":"wwwarcelona Dev user","twitter_card":"summary_large_image","twitter_misc":{"Escrito por":"wwwarcelona Dev user","Tiempo de lectura":"1 minuto"},"schema":{"@context":"https:\/\/schema.org","@graph":[{"@type":"Article","@id":"https:\/\/envoltaglobal.com\/es\/construccion\/madera-y-materiales-de-base-biologica-cuando-el-material-captura-mas-carbono-del-que-emite\/#article","isPartOf":{"@id":"https:\/\/envoltaglobal.com\/es\/construccion\/madera-y-materiales-de-base-biologica-cuando-el-material-captura-mas-carbono-del-que-emite\/"},"author":{"name":"wwwarcelona Dev user","@id":"https:\/\/envoltaglobal.com\/es\/#\/schema\/person\/cf24f1946a9c88bc41aea5d46c7db891"},"headline":"Madera y materiales de base biol\u00f3gica: cuando el material captura m\u00e1s carbono del que emite","datePublished":"2026-06-11T10:11:48+00:00","dateModified":"2026-08-11T11:46:27+00:00","mainEntityOfPage":{"@id":"https:\/\/envoltaglobal.com\/es\/construccion\/madera-y-materiales-de-base-biologica-cuando-el-material-captura-mas-carbono-del-que-emite\/"},"wordCount":225,"publisher":{"@id":"https:\/\/envoltaglobal.com\/es\/#organization"},"image":{"@id":"https:\/\/envoltaglobal.com\/es\/construccion\/madera-y-materiales-de-base-biologica-cuando-el-material-captura-mas-carbono-del-que-emite\/#primaryimage"},"thumbnailUrl":"https:\/\/envoltaglobal.com\/wp-content\/uploads\/2026\/06\/article-12-scaled.jpg","articleSection":["Construcci\u00f3n"],"inLanguage":"es"},{"@type":"WebPage","@id":"https:\/\/envoltaglobal.com\/es\/construccion\/madera-y-materiales-de-base-biologica-cuando-el-material-captura-mas-carbono-del-que-emite\/","url":"https:\/\/envoltaglobal.com\/es\/construccion\/madera-y-materiales-de-base-biologica-cuando-el-material-captura-mas-carbono-del-que-emite\/","name":"\u25b7Madera y materiales de base biol\u00f3gica: cuando el material captura m\u00e1s carbono del que emite - \u3010 Envolta Global \u3011","isPartOf":{"@id":"https:\/\/envoltaglobal.com\/es\/#website"},"primaryImageOfPage":{"@id":"https:\/\/envoltaglobal.com\/es\/construccion\/madera-y-materiales-de-base-biologica-cuando-el-material-captura-mas-carbono-del-que-emite\/#primaryimage"},"image":{"@id":"https:\/\/envoltaglobal.com\/es\/construccion\/madera-y-materiales-de-base-biologica-cuando-el-material-captura-mas-carbono-del-que-emite\/#primaryimage"},"thumbnailUrl":"https:\/\/envoltaglobal.com\/wp-content\/uploads\/2026\/06\/article-12-scaled.jpg","datePublished":"2026-06-11T10:11:48+00:00","dateModified":"2026-08-11T11:46:27+00:00","description":"No todos los materiales suman las emisiones. Algunas, como la madera de origen sostenible, almacenan carbono. Elegir el material adecuado es una de las decisiones m\u00e1s impactantes de todo el proyecto. \u2713","breadcrumb":{"@id":"https:\/\/envoltaglobal.com\/es\/construccion\/madera-y-materiales-de-base-biologica-cuando-el-material-captura-mas-carbono-del-que-emite\/#breadcrumb"},"inLanguage":"es","potentialAction":[{"@type":"ReadAction","target":["https:\/\/envoltaglobal.com\/es\/construccion\/madera-y-materiales-de-base-biologica-cuando-el-material-captura-mas-carbono-del-que-emite\/"]}]},{"@type":"ImageObject","inLanguage":"es","@id":"https:\/\/envoltaglobal.com\/es\/construccion\/madera-y-materiales-de-base-biologica-cuando-el-material-captura-mas-carbono-del-que-emite\/#primaryimage","url":"https:\/\/envoltaglobal.com\/wp-content\/uploads\/2026\/06\/article-12-scaled.jpg","contentUrl":"https:\/\/envoltaglobal.com\/wp-content\/uploads\/2026\/06\/article-12-scaled.jpg","width":2560,"height":1707},{"@type":"BreadcrumbList","@id":"https:\/\/envoltaglobal.com\/es\/construccion\/madera-y-materiales-de-base-biologica-cuando-el-material-captura-mas-carbono-del-que-emite\/#breadcrumb","itemListElement":[{"@type":"ListItem","position":1,"name":"Portada","item":"https:\/\/envoltaglobal.com\/es\/hombre\/"},{"@type":"ListItem","position":2,"name":"Madera y materiales de base biol\u00f3gica: cuando el material captura m\u00e1s carbono del que emite"}]},{"@type":"WebSite","@id":"https:\/\/envoltaglobal.com\/es\/#website","url":"https:\/\/envoltaglobal.com\/es\/","name":"Envolta Global","description":"Envolta","publisher":{"@id":"https:\/\/envoltaglobal.com\/es\/#organization"},"potentialAction":[{"@type":"SearchAction","target":{"@type":"EntryPoint","urlTemplate":"https:\/\/envoltaglobal.com\/es\/?s={search_term_string}"},"query-input":{"@type":"PropertyValueSpecification","valueRequired":true,"valueName":"search_term_string"}}],"inLanguage":"es"},{"@type":"Organization","@id":"https:\/\/envoltaglobal.com\/es\/#organization","name":"Envolta Global","url":"https:\/\/envoltaglobal.com\/es\/","logo":{"@type":"ImageObject","inLanguage":"es","@id":"https:\/\/envoltaglobal.com\/es\/#\/schema\/logo\/image\/","url":"https:\/\/envoltaglobal.com\/wp-content\/uploads\/2026\/06\/cropped-Envolta_energia-logo.png","contentUrl":"https:\/\/envoltaglobal.com\/wp-content\/uploads\/2026\/06\/cropped-Envolta_energia-logo.png","width":1257,"height":198,"caption":"Envolta Global"},"image":{"@id":"https:\/\/envoltaglobal.com\/es\/#\/schema\/logo\/image\/"}},{"@type":"Person","@id":"https:\/\/envoltaglobal.com\/es\/#\/schema\/person\/cf24f1946a9c88bc41aea5d46c7db891","name":"wwwarcelona Dev user","image":{"@type":"ImageObject","inLanguage":"es","@id":"https:\/\/secure.gravatar.com\/avatar\/0c6819356538849544fe79abd31afb6f42861bbb96368a1f2151f9a226524dcd?s=96&d=mm&r=g","url":"https:\/\/secure.gravatar.com\/avatar\/0c6819356538849544fe79abd31afb6f42861bbb96368a1f2151f9a226524dcd?s=96&d=mm&r=g","contentUrl":"https:\/\/secure.gravatar.com\/avatar\/0c6819356538849544fe79abd31afb6f42861bbb96368a1f2151f9a226524dcd?s=96&d=mm&r=g","caption":"wwwarcelona Dev user"}}]}},"_links":{"self":[{"href":"https:\/\/envoltaglobal.com\/es\/wp-json\/wp\/v2\/posts\/3987","targetHints":{"allow":["GET"]}}],"collection":[{"href":"https:\/\/envoltaglobal.com\/es\/wp-json\/wp\/v2\/posts"}],"about":[{"href":"https:\/\/envoltaglobal.com\/es\/wp-json\/wp\/v2\/types\/post"}],"author":[{"embeddable":true,"href":"https:\/\/envoltaglobal.com\/es\/wp-json\/wp\/v2\/users\/2"}],"replies":[{"embeddable":true,"href":"https:\/\/envoltaglobal.com\/es\/wp-json\/wp\/v2\/comments?post=3987"}],"version-history":[{"count":1,"href":"https:\/\/envoltaglobal.com\/es\/wp-json\/wp\/v2\/posts\/3987\/revisions"}],"predecessor-version":[{"id":3992,"href":"https:\/\/envoltaglobal.com\/es\/wp-json\/wp\/v2\/posts\/3987\/revisions\/3992"}],"wp:featuredmedia":[{"embeddable":true,"href":"https:\/\/envoltaglobal.com\/es\/wp-json\/wp\/v2\/media\/3991"}],"wp:attachment":[{"href":"https:\/\/envoltaglobal.com\/es\/wp-json\/wp\/v2\/media?parent=3987"}],"wp:term":[{"taxonomy":"category","embeddable":true,"href":"https:\/\/envoltaglobal.com\/es\/wp-json\/wp\/v2\/categories?post=3987"},{"taxonomy":"post_tag","embeddable":true,"href":"https:\/\/envoltaglobal.com\/es\/wp-json\/wp\/v2\/tags?post=3987"}],"curies":[{"name":"wp","href":"https:\/\/api.w.org\/{rel}","templated":true}]}}