{"id":4071,"date":"2026-06-11T11:35:47","date_gmt":"2026-06-11T09:35:47","guid":{"rendered":"https:\/\/envoltaglobal.com\/sin-categoria\/carbono-operativo-y-carbono-incorporado-por-que-necesitas-medir-todo-el-ciclo-de-vida\/"},"modified":"2026-08-11T13:52:26","modified_gmt":"2026-08-11T11:52:26","slug":"carbono-operativo-y-carbono-incorporado-por-que-necesitas-medir-todo-el-ciclo-de-vida","status":"publish","type":"post","link":"https:\/\/envoltaglobal.com\/es\/construccion\/carbono-operativo-y-carbono-incorporado-por-que-necesitas-medir-todo-el-ciclo-de-vida\/","title":{"rendered":"Carbono operativo y carbono incorporado: por qu\u00e9 necesitas medir todo el ciclo de vida"},"content":{"rendered":"\t\t<div data-elementor-type=\"wp-post\" data-elementor-id=\"4071\" class=\"elementor elementor-4071 elementor-2698\" data-elementor-post-type=\"post\">\n\t\t\t\t<div class=\"elementor-element elementor-element-e4ddd09 e-flex e-con-boxed e-con e-parent\" data-id=\"e4ddd09\" data-element_type=\"container\" data-e-type=\"container\">\n\t\t\t\t\t<div class=\"e-con-inner\">\n\t\t<div class=\"elementor-element elementor-element-63e7c34 e-con-full e-flex e-con e-child\" data-id=\"63e7c34\" data-element_type=\"container\" data-e-type=\"container\">\n\t\t\t\t<div class=\"elementor-element elementor-element-7d6657a elementor-widget elementor-widget-heading\" data-id=\"7d6657a\" data-element_type=\"widget\" data-e-type=\"widget\" data-widget_type=\"heading.default\">\n\t\t\t\t<div class=\"elementor-widget-container\">\n\t\t\t\t\t<h1 class=\"elementor-heading-title elementor-size-default\">Carbono operativo y carbono incorporado: por qu\u00e9 necesitas medir todo el ciclo de vida<\/h1>\t\t\t\t<\/div>\n\t\t\t\t<\/div>\n\t\t\t\t<div class=\"elementor-element elementor-element-39f4a60 elementor-widget elementor-widget-theme-post-excerpt\" data-id=\"39f4a60\" data-element_type=\"widget\" data-e-type=\"widget\" data-widget_type=\"theme-post-excerpt.default\">\n\t\t\t\t<div class=\"elementor-widget-container\">\n\t\t\t\t\tDurante d\u00e9cadas solo hemos medido la energ\u00eda que consume un edificio en uso. Hoy sabemos que esta imagen es incompleta: el carbono incorporado a los materiales decide gran parte del impacto total. \t\t\t\t<\/div>\n\t\t\t\t<\/div>\n\t\t\t\t<\/div>\n\t\t<div class=\"elementor-element elementor-element-c7a39cf e-con-full e-flex e-con e-child\" data-id=\"c7a39cf\" data-element_type=\"container\" data-e-type=\"container\" data-settings=\"{&quot;background_background&quot;:&quot;classic&quot;}\">\n\t\t\t\t<div class=\"elementor-element elementor-element-e6a39e2 elementor-widget elementor-widget-spacer\" data-id=\"e6a39e2\" data-element_type=\"widget\" data-e-type=\"widget\" data-widget_type=\"spacer.default\">\n\t\t\t\t<div class=\"elementor-widget-container\">\n\t\t\t\t\t\t\t<div class=\"elementor-spacer\">\n\t\t\t<div class=\"elementor-spacer-inner\"><\/div>\n\t\t<\/div>\n\t\t\t\t\t\t<\/div>\n\t\t\t\t<\/div>\n\t\t\t\t<\/div>\n\t\t\t\t\t<\/div>\n\t\t\t\t<\/div>\n\t\t<div class=\"elementor-element elementor-element-bb9e59b e-flex e-con-boxed e-con e-parent\" data-id=\"bb9e59b\" data-element_type=\"container\" data-e-type=\"container\">\n\t\t\t\t\t<div class=\"e-con-inner\">\n\t\t\t\t<div class=\"elementor-element elementor-element-e060110 elementor-widget__width-initial elementor-widget elementor-widget-text-editor\" data-id=\"e060110\" data-element_type=\"widget\" data-e-type=\"widget\" data-widget_type=\"text-editor.default\">\n\t\t\t\t<div class=\"elementor-widget-container\">\n\t\t\t\t\t\t\t\t\t<p><span data-contrast=\"auto\">El carbono de toda la vida es la suma de todas las emisiones generadas por un edificio a lo largo de su existencia, desde la fabricaci\u00f3n de materiales hasta la demolici\u00f3n y la gesti\u00f3n de residuos.  <\/span><span data-contrast=\"auto\">Se divide en dos categor\u00edas: carbono operativo, asociado al consumo diario del edificio (aire acondicionado, ventilaci\u00f3n, iluminaci\u00f3n), y carbono incorporado, contenido en la producci\u00f3n, transporte, construcci\u00f3n y fin de vida \u00fatil de los materiales.<\/span><span data-ccp-props=\"{\"201341983\":0,\"335559739\":150,\"335559740\":300}\"> <\/span><\/p><p><span data-contrast=\"auto\">A medida que los nuevos edificios se vuelven m\u00e1s eficientes en la fase de uso, el peso relativo del carbono incorporado aumenta. En edificios nuevos de alta eficiencia, puede representar la mitad de las emisiones de todo el ciclo de vida, una parte que a menudo se omite en el c\u00e1lculo porque se gener\u00f3 antes de que el edificio entrara en funcionamiento. <\/span><span data-ccp-props=\"{\"201341983\":0,\"335559739\":150,\"335559740\":300}\"> <\/span><\/p><p><span data-contrast=\"auto\">La consecuencia pr\u00e1ctica es clara: las decisiones que m\u00e1s condicionan la huella de un edificio se toman en la fase de dise\u00f1o, cuando la forma, estructura, materiales y sistemas a\u00fan pueden elegirse. Por eso el an\u00e1lisis del ciclo de vida debe formar parte de la especificaci\u00f3n inicial del proyecto, y no ser un c\u00e1lculo que se haga al final para justificar una certificaci\u00f3n. Medir en tiempo es lo que nos permite decidir.  <\/span><\/p>\t\t\t\t\t\t\t\t<\/div>\n\t\t\t\t<\/div>\n\t\t\t\t\t<\/div>\n\t\t\t\t<\/div>\n\t\t<div class=\"elementor-element elementor-element-6592ca1 e-flex e-con-boxed e-con e-parent\" data-id=\"6592ca1\" data-element_type=\"container\" data-e-type=\"container\">\n\t\t\t\t\t<div class=\"e-con-inner\">\n\t\t\t\t<div class=\"elementor-element elementor-element-c95c4c4 elementor-widget elementor-widget-template\" data-id=\"c95c4c4\" data-element_type=\"widget\" data-e-type=\"widget\" data-widget_type=\"template.default\">\n\t\t\t\t<div class=\"elementor-widget-container\">\n\t\t\t\t\t\t\t<div class=\"elementor-template\">\n\t\t\t\t\t<div data-elementor-type=\"container\" data-elementor-id=\"2297\" class=\"elementor elementor-2297 elementor-1640 elementor-1640\" data-elementor-post-type=\"elementor_library\">\n\t\t\t\t<div class=\"elementor-element elementor-element-43af5810 e-flex e-con-boxed e-con e-parent\" data-id=\"43af5810\" data-element_type=\"container\" data-e-type=\"container\" data-settings=\"{&quot;background_background&quot;:&quot;classic&quot;}\">\n\t\t\t\t\t<div class=\"e-con-inner\">\n\t\t<div class=\"elementor-element elementor-element-53e91306 e-con-full e-flex e-con e-child\" data-id=\"53e91306\" data-element_type=\"container\" data-e-type=\"container\">\n\t\t\t\t<div class=\"elementor-element elementor-element-7628bcfc elementor-widget elementor-widget-heading\" data-id=\"7628bcfc\" data-element_type=\"widget\" data-e-type=\"widget\" data-widget_type=\"heading.default\">\n\t\t\t\t<div class=\"elementor-widget-container\">\n\t\t\t\t\t<h2 class=\"elementor-heading-title elementor-size-default\">\u00bfC\u00f3mo podemos ayudarte?<\/h2>\t\t\t\t<\/div>\n\t\t\t\t<\/div>\n\t\t\t\t<div class=\"elementor-element elementor-element-6897c03 elementor-widget elementor-widget-text-editor\" data-id=\"6897c03\" data-element_type=\"widget\" data-e-type=\"widget\" data-widget_type=\"text-editor.default\">\n\t\t\t\t<div class=\"elementor-widget-container\">\n\t\t\t\t\t\t\t\t\t<p>Te gu\u00edamos en sostenibilidad y cumplimiento normativo para que tu negocio crezca con impacto y seguridad.  <\/p>\t\t\t\t\t\t\t\t<\/div>\n\t\t\t\t<\/div>\n\t\t\t\t<div class=\"elementor-element elementor-element-587e1ebb elementor-widget elementor-widget-button\" data-id=\"587e1ebb\" data-element_type=\"widget\" data-e-type=\"widget\" data-widget_type=\"button.default\">\n\t\t\t\t<div class=\"elementor-widget-container\">\n\t\t\t\t\t\t\t\t\t<div class=\"elementor-button-wrapper\">\n\t\t\t\t\t<a class=\"elementor-button elementor-button-link elementor-size-sm\" href=\"https:\/\/envoltaglobal.com\/es\/contacta\/\">\n\t\t\t\t\t\t<span class=\"elementor-button-content-wrapper\">\n\t\t\t\t\t\t\t\t\t<span class=\"elementor-button-text\">CONTACTA<\/span>\n\t\t\t\t\t<\/span>\n\t\t\t\t\t<\/a>\n\t\t\t\t<\/div>\n\t\t\t\t\t\t\t\t<\/div>\n\t\t\t\t<\/div>\n\t\t\t\t<\/div>\n\t\t<div class=\"elementor-element elementor-element-48850d91 e-con-full e-flex e-con e-child\" data-id=\"48850d91\" data-element_type=\"container\" data-e-type=\"container\" data-settings=\"{&quot;background_background&quot;:&quot;classic&quot;}\">\n\t\t\t\t<div class=\"elementor-element elementor-element-446bcd50 elementor-widget elementor-widget-spacer\" data-id=\"446bcd50\" data-element_type=\"widget\" data-e-type=\"widget\" data-widget_type=\"spacer.default\">\n\t\t\t\t<div class=\"elementor-widget-container\">\n\t\t\t\t\t\t\t<div class=\"elementor-spacer\">\n\t\t\t<div class=\"elementor-spacer-inner\"><\/div>\n\t\t<\/div>\n\t\t\t\t\t\t<\/div>\n\t\t\t\t<\/div>\n\t\t\t\t<\/div>\n\t\t\t\t\t<\/div>\n\t\t\t\t<\/div>\n\t\t\t\t<\/div>\n\t\t\t\t<\/div>\n\t\t\t\t\t\t<\/div>\n\t\t\t\t<\/div>\n\t\t\t\t\t<\/div>\n\t\t\t\t<\/div>\n\t\t\t\t<\/div>\n\t\t","protected":false},"excerpt":{"rendered":"<p>Durante d\u00e9cadas solo hemos medido la energ\u00eda que consume un edificio en uso. Hoy sabemos que esta imagen es incompleta: el carbono incorporado a los materiales decide gran parte del impacto total. <\/p>\n","protected":false},"author":2,"featured_media":4073,"comment_status":"closed","ping_status":"closed","sticky":false,"template":"","format":"standard","meta":{"_acf_changed":false,"inline_featured_image":false,"footnotes":""},"categories":[54],"tags":[],"class_list":["post-4071","post","type-post","status-publish","format-standard","has-post-thumbnail","hentry","category-construccion"],"acf":[],"yoast_head":"<!-- This site is optimized with the Yoast SEO plugin v28.1 - https:\/\/yoast.com\/product\/yoast-seo-wordpress\/ -->\n<title>\u25b7Carbono operativo y carbono incorporado: por qu\u00e9 necesitas medir todo el ciclo de vida - \u3010 Envolta Global \u3011<\/title>\n<meta name=\"description\" content=\"Durante d\u00e9cadas solo hemos medido la energ\u00eda que consume un edificio en uso. Hoy sabemos que esta imagen es incompleta: el carbono incorporado a los materiales decide gran parte del impacto total. \u2713\" \/>\n<meta name=\"robots\" content=\"index, follow, max-snippet:-1, max-image-preview:large, max-video-preview:-1\" \/>\n<link rel=\"canonical\" href=\"https:\/\/envoltaglobal.com\/es\/construccion\/carbono-operativo-y-carbono-incorporado-por-que-necesitas-medir-todo-el-ciclo-de-vida\/\" \/>\n<meta property=\"og:locale\" content=\"es_ES\" \/>\n<meta property=\"og:type\" content=\"article\" \/>\n<meta property=\"og:title\" content=\"\u25b7Carbono operativo y carbono incorporado: por qu\u00e9 necesitas medir todo el ciclo de vida - \u3010 Envolta Global \u3011\" \/>\n<meta property=\"og:description\" content=\"Durante d\u00e9cadas solo hemos medido la energ\u00eda que consume un edificio en uso. Hoy sabemos que esta imagen es incompleta: el carbono incorporado a los materiales decide gran parte del impacto total. \u2713\" \/>\n<meta property=\"og:url\" content=\"https:\/\/envoltaglobal.com\/es\/construccion\/carbono-operativo-y-carbono-incorporado-por-que-necesitas-medir-todo-el-ciclo-de-vida\/\" \/>\n<meta property=\"og:site_name\" content=\"Envolta Global\" \/>\n<meta property=\"article:published_time\" content=\"2026-06-11T09:35:47+00:00\" \/>\n<meta property=\"article:modified_time\" content=\"2026-08-11T11:52:26+00:00\" \/>\n<meta property=\"og:image\" content=\"https:\/\/envoltaglobal.com\/wp-content\/uploads\/2026\/06\/article-1-scaled.jpg\" \/>\n\t<meta property=\"og:image:width\" content=\"2560\" \/>\n\t<meta property=\"og:image:height\" content=\"1922\" \/>\n\t<meta property=\"og:image:type\" content=\"image\/jpeg\" \/>\n<meta name=\"author\" content=\"wwwarcelona Dev user\" \/>\n<meta name=\"twitter:card\" content=\"summary_large_image\" \/>\n<meta name=\"twitter:label1\" content=\"Escrito por\" \/>\n\t<meta name=\"twitter:data1\" content=\"wwwarcelona Dev user\" \/>\n\t<meta name=\"twitter:label2\" content=\"Tiempo de lectura\" \/>\n\t<meta name=\"twitter:data2\" content=\"1 minuto\" \/>\n<script type=\"application\/ld+json\" class=\"yoast-schema-graph\">{\"@context\":\"https:\\\/\\\/schema.org\",\"@graph\":[{\"@type\":\"Article\",\"@id\":\"https:\\\/\\\/envoltaglobal.com\\\/es\\\/construccion\\\/carbono-operativo-y-carbono-incorporado-por-que-necesitas-medir-todo-el-ciclo-de-vida\\\/#article\",\"isPartOf\":{\"@id\":\"https:\\\/\\\/envoltaglobal.com\\\/es\\\/construccion\\\/carbono-operativo-y-carbono-incorporado-por-que-necesitas-medir-todo-el-ciclo-de-vida\\\/\"},\"author\":{\"name\":\"wwwarcelona Dev user\",\"@id\":\"https:\\\/\\\/envoltaglobal.com\\\/es\\\/#\\\/schema\\\/person\\\/cf24f1946a9c88bc41aea5d46c7db891\"},\"headline\":\"Carbono operativo y carbono incorporado: por qu\u00e9 necesitas medir todo el ciclo de vida\",\"datePublished\":\"2026-06-11T09:35:47+00:00\",\"dateModified\":\"2026-08-11T11:52:26+00:00\",\"mainEntityOfPage\":{\"@id\":\"https:\\\/\\\/envoltaglobal.com\\\/es\\\/construccion\\\/carbono-operativo-y-carbono-incorporado-por-que-necesitas-medir-todo-el-ciclo-de-vida\\\/\"},\"wordCount\":236,\"publisher\":{\"@id\":\"https:\\\/\\\/envoltaglobal.com\\\/es\\\/#organization\"},\"image\":{\"@id\":\"https:\\\/\\\/envoltaglobal.com\\\/es\\\/construccion\\\/carbono-operativo-y-carbono-incorporado-por-que-necesitas-medir-todo-el-ciclo-de-vida\\\/#primaryimage\"},\"thumbnailUrl\":\"https:\\\/\\\/envoltaglobal.com\\\/wp-content\\\/uploads\\\/2026\\\/06\\\/article-1-scaled.jpg\",\"articleSection\":[\"Construcci\u00f3n\"],\"inLanguage\":\"es\"},{\"@type\":\"WebPage\",\"@id\":\"https:\\\/\\\/envoltaglobal.com\\\/es\\\/construccion\\\/carbono-operativo-y-carbono-incorporado-por-que-necesitas-medir-todo-el-ciclo-de-vida\\\/\",\"url\":\"https:\\\/\\\/envoltaglobal.com\\\/es\\\/construccion\\\/carbono-operativo-y-carbono-incorporado-por-que-necesitas-medir-todo-el-ciclo-de-vida\\\/\",\"name\":\"\u25b7Carbono operativo y carbono incorporado: por qu\u00e9 necesitas medir todo el ciclo de vida - \u3010 Envolta Global \u3011\",\"isPartOf\":{\"@id\":\"https:\\\/\\\/envoltaglobal.com\\\/es\\\/#website\"},\"primaryImageOfPage\":{\"@id\":\"https:\\\/\\\/envoltaglobal.com\\\/es\\\/construccion\\\/carbono-operativo-y-carbono-incorporado-por-que-necesitas-medir-todo-el-ciclo-de-vida\\\/#primaryimage\"},\"image\":{\"@id\":\"https:\\\/\\\/envoltaglobal.com\\\/es\\\/construccion\\\/carbono-operativo-y-carbono-incorporado-por-que-necesitas-medir-todo-el-ciclo-de-vida\\\/#primaryimage\"},\"thumbnailUrl\":\"https:\\\/\\\/envoltaglobal.com\\\/wp-content\\\/uploads\\\/2026\\\/06\\\/article-1-scaled.jpg\",\"datePublished\":\"2026-06-11T09:35:47+00:00\",\"dateModified\":\"2026-08-11T11:52:26+00:00\",\"description\":\"Durante d\u00e9cadas solo hemos medido la energ\u00eda que consume un edificio en uso. Hoy sabemos que esta imagen es incompleta: el carbono incorporado a los materiales decide gran parte del impacto total. \u2713\",\"breadcrumb\":{\"@id\":\"https:\\\/\\\/envoltaglobal.com\\\/es\\\/construccion\\\/carbono-operativo-y-carbono-incorporado-por-que-necesitas-medir-todo-el-ciclo-de-vida\\\/#breadcrumb\"},\"inLanguage\":\"es\",\"potentialAction\":[{\"@type\":\"ReadAction\",\"target\":[\"https:\\\/\\\/envoltaglobal.com\\\/es\\\/construccion\\\/carbono-operativo-y-carbono-incorporado-por-que-necesitas-medir-todo-el-ciclo-de-vida\\\/\"]}]},{\"@type\":\"ImageObject\",\"inLanguage\":\"es\",\"@id\":\"https:\\\/\\\/envoltaglobal.com\\\/es\\\/construccion\\\/carbono-operativo-y-carbono-incorporado-por-que-necesitas-medir-todo-el-ciclo-de-vida\\\/#primaryimage\",\"url\":\"https:\\\/\\\/envoltaglobal.com\\\/wp-content\\\/uploads\\\/2026\\\/06\\\/article-1-scaled.jpg\",\"contentUrl\":\"https:\\\/\\\/envoltaglobal.com\\\/wp-content\\\/uploads\\\/2026\\\/06\\\/article-1-scaled.jpg\",\"width\":2560,\"height\":1922},{\"@type\":\"BreadcrumbList\",\"@id\":\"https:\\\/\\\/envoltaglobal.com\\\/es\\\/construccion\\\/carbono-operativo-y-carbono-incorporado-por-que-necesitas-medir-todo-el-ciclo-de-vida\\\/#breadcrumb\",\"itemListElement\":[{\"@type\":\"ListItem\",\"position\":1,\"name\":\"Portada\",\"item\":\"https:\\\/\\\/envoltaglobal.com\\\/es\\\/hombre\\\/\"},{\"@type\":\"ListItem\",\"position\":2,\"name\":\"Carbono operativo y carbono incorporado: por qu\u00e9 necesitas medir todo el ciclo de vida\"}]},{\"@type\":\"WebSite\",\"@id\":\"https:\\\/\\\/envoltaglobal.com\\\/es\\\/#website\",\"url\":\"https:\\\/\\\/envoltaglobal.com\\\/es\\\/\",\"name\":\"Envolta Global\",\"description\":\"Envolta\",\"publisher\":{\"@id\":\"https:\\\/\\\/envoltaglobal.com\\\/es\\\/#organization\"},\"potentialAction\":[{\"@type\":\"SearchAction\",\"target\":{\"@type\":\"EntryPoint\",\"urlTemplate\":\"https:\\\/\\\/envoltaglobal.com\\\/es\\\/?s={search_term_string}\"},\"query-input\":{\"@type\":\"PropertyValueSpecification\",\"valueRequired\":true,\"valueName\":\"search_term_string\"}}],\"inLanguage\":\"es\"},{\"@type\":\"Organization\",\"@id\":\"https:\\\/\\\/envoltaglobal.com\\\/es\\\/#organization\",\"name\":\"Envolta Global\",\"url\":\"https:\\\/\\\/envoltaglobal.com\\\/es\\\/\",\"logo\":{\"@type\":\"ImageObject\",\"inLanguage\":\"es\",\"@id\":\"https:\\\/\\\/envoltaglobal.com\\\/es\\\/#\\\/schema\\\/logo\\\/image\\\/\",\"url\":\"https:\\\/\\\/envoltaglobal.com\\\/wp-content\\\/uploads\\\/2026\\\/06\\\/cropped-Envolta_energia-logo.png\",\"contentUrl\":\"https:\\\/\\\/envoltaglobal.com\\\/wp-content\\\/uploads\\\/2026\\\/06\\\/cropped-Envolta_energia-logo.png\",\"width\":1257,\"height\":198,\"caption\":\"Envolta Global\"},\"image\":{\"@id\":\"https:\\\/\\\/envoltaglobal.com\\\/es\\\/#\\\/schema\\\/logo\\\/image\\\/\"}},{\"@type\":\"Person\",\"@id\":\"https:\\\/\\\/envoltaglobal.com\\\/es\\\/#\\\/schema\\\/person\\\/cf24f1946a9c88bc41aea5d46c7db891\",\"name\":\"wwwarcelona Dev user\",\"image\":{\"@type\":\"ImageObject\",\"inLanguage\":\"es\",\"@id\":\"https:\\\/\\\/secure.gravatar.com\\\/avatar\\\/0c6819356538849544fe79abd31afb6f42861bbb96368a1f2151f9a226524dcd?s=96&d=mm&r=g\",\"url\":\"https:\\\/\\\/secure.gravatar.com\\\/avatar\\\/0c6819356538849544fe79abd31afb6f42861bbb96368a1f2151f9a226524dcd?s=96&d=mm&r=g\",\"contentUrl\":\"https:\\\/\\\/secure.gravatar.com\\\/avatar\\\/0c6819356538849544fe79abd31afb6f42861bbb96368a1f2151f9a226524dcd?s=96&d=mm&r=g\",\"caption\":\"wwwarcelona Dev user\"}}]}<\/script>\n<!-- \/ Yoast SEO plugin. -->","yoast_head_json":{"title":"\u25b7Carbono operativo y carbono incorporado: por qu\u00e9 necesitas medir todo el ciclo de vida - \u3010 Envolta Global \u3011","description":"Durante d\u00e9cadas solo hemos medido la energ\u00eda que consume un edificio en uso. Hoy sabemos que esta imagen es incompleta: el carbono incorporado a los materiales decide gran parte del impacto total. \u2713","robots":{"index":"index","follow":"follow","max-snippet":"max-snippet:-1","max-image-preview":"max-image-preview:large","max-video-preview":"max-video-preview:-1"},"canonical":"https:\/\/envoltaglobal.com\/es\/construccion\/carbono-operativo-y-carbono-incorporado-por-que-necesitas-medir-todo-el-ciclo-de-vida\/","og_locale":"es_ES","og_type":"article","og_title":"\u25b7Carbono operativo y carbono incorporado: por qu\u00e9 necesitas medir todo el ciclo de vida - \u3010 Envolta Global \u3011","og_description":"Durante d\u00e9cadas solo hemos medido la energ\u00eda que consume un edificio en uso. Hoy sabemos que esta imagen es incompleta: el carbono incorporado a los materiales decide gran parte del impacto total. \u2713","og_url":"https:\/\/envoltaglobal.com\/es\/construccion\/carbono-operativo-y-carbono-incorporado-por-que-necesitas-medir-todo-el-ciclo-de-vida\/","og_site_name":"Envolta Global","article_published_time":"2026-06-11T09:35:47+00:00","article_modified_time":"2026-08-11T11:52:26+00:00","og_image":[{"width":2560,"height":1922,"url":"https:\/\/envoltaglobal.com\/wp-content\/uploads\/2026\/06\/article-1-scaled.jpg","type":"image\/jpeg"}],"author":"wwwarcelona Dev user","twitter_card":"summary_large_image","twitter_misc":{"Escrito por":"wwwarcelona Dev user","Tiempo de lectura":"1 minuto"},"schema":{"@context":"https:\/\/schema.org","@graph":[{"@type":"Article","@id":"https:\/\/envoltaglobal.com\/es\/construccion\/carbono-operativo-y-carbono-incorporado-por-que-necesitas-medir-todo-el-ciclo-de-vida\/#article","isPartOf":{"@id":"https:\/\/envoltaglobal.com\/es\/construccion\/carbono-operativo-y-carbono-incorporado-por-que-necesitas-medir-todo-el-ciclo-de-vida\/"},"author":{"name":"wwwarcelona Dev user","@id":"https:\/\/envoltaglobal.com\/es\/#\/schema\/person\/cf24f1946a9c88bc41aea5d46c7db891"},"headline":"Carbono operativo y carbono incorporado: por qu\u00e9 necesitas medir todo el ciclo de vida","datePublished":"2026-06-11T09:35:47+00:00","dateModified":"2026-08-11T11:52:26+00:00","mainEntityOfPage":{"@id":"https:\/\/envoltaglobal.com\/es\/construccion\/carbono-operativo-y-carbono-incorporado-por-que-necesitas-medir-todo-el-ciclo-de-vida\/"},"wordCount":236,"publisher":{"@id":"https:\/\/envoltaglobal.com\/es\/#organization"},"image":{"@id":"https:\/\/envoltaglobal.com\/es\/construccion\/carbono-operativo-y-carbono-incorporado-por-que-necesitas-medir-todo-el-ciclo-de-vida\/#primaryimage"},"thumbnailUrl":"https:\/\/envoltaglobal.com\/wp-content\/uploads\/2026\/06\/article-1-scaled.jpg","articleSection":["Construcci\u00f3n"],"inLanguage":"es"},{"@type":"WebPage","@id":"https:\/\/envoltaglobal.com\/es\/construccion\/carbono-operativo-y-carbono-incorporado-por-que-necesitas-medir-todo-el-ciclo-de-vida\/","url":"https:\/\/envoltaglobal.com\/es\/construccion\/carbono-operativo-y-carbono-incorporado-por-que-necesitas-medir-todo-el-ciclo-de-vida\/","name":"\u25b7Carbono operativo y carbono incorporado: por qu\u00e9 necesitas medir todo el ciclo de vida - \u3010 Envolta Global \u3011","isPartOf":{"@id":"https:\/\/envoltaglobal.com\/es\/#website"},"primaryImageOfPage":{"@id":"https:\/\/envoltaglobal.com\/es\/construccion\/carbono-operativo-y-carbono-incorporado-por-que-necesitas-medir-todo-el-ciclo-de-vida\/#primaryimage"},"image":{"@id":"https:\/\/envoltaglobal.com\/es\/construccion\/carbono-operativo-y-carbono-incorporado-por-que-necesitas-medir-todo-el-ciclo-de-vida\/#primaryimage"},"thumbnailUrl":"https:\/\/envoltaglobal.com\/wp-content\/uploads\/2026\/06\/article-1-scaled.jpg","datePublished":"2026-06-11T09:35:47+00:00","dateModified":"2026-08-11T11:52:26+00:00","description":"Durante d\u00e9cadas solo hemos medido la energ\u00eda que consume un edificio en uso. Hoy sabemos que esta imagen es incompleta: el carbono incorporado a los materiales decide gran parte del impacto total. \u2713","breadcrumb":{"@id":"https:\/\/envoltaglobal.com\/es\/construccion\/carbono-operativo-y-carbono-incorporado-por-que-necesitas-medir-todo-el-ciclo-de-vida\/#breadcrumb"},"inLanguage":"es","potentialAction":[{"@type":"ReadAction","target":["https:\/\/envoltaglobal.com\/es\/construccion\/carbono-operativo-y-carbono-incorporado-por-que-necesitas-medir-todo-el-ciclo-de-vida\/"]}]},{"@type":"ImageObject","inLanguage":"es","@id":"https:\/\/envoltaglobal.com\/es\/construccion\/carbono-operativo-y-carbono-incorporado-por-que-necesitas-medir-todo-el-ciclo-de-vida\/#primaryimage","url":"https:\/\/envoltaglobal.com\/wp-content\/uploads\/2026\/06\/article-1-scaled.jpg","contentUrl":"https:\/\/envoltaglobal.com\/wp-content\/uploads\/2026\/06\/article-1-scaled.jpg","width":2560,"height":1922},{"@type":"BreadcrumbList","@id":"https:\/\/envoltaglobal.com\/es\/construccion\/carbono-operativo-y-carbono-incorporado-por-que-necesitas-medir-todo-el-ciclo-de-vida\/#breadcrumb","itemListElement":[{"@type":"ListItem","position":1,"name":"Portada","item":"https:\/\/envoltaglobal.com\/es\/hombre\/"},{"@type":"ListItem","position":2,"name":"Carbono operativo y carbono incorporado: por qu\u00e9 necesitas medir todo el ciclo de vida"}]},{"@type":"WebSite","@id":"https:\/\/envoltaglobal.com\/es\/#website","url":"https:\/\/envoltaglobal.com\/es\/","name":"Envolta Global","description":"Envolta","publisher":{"@id":"https:\/\/envoltaglobal.com\/es\/#organization"},"potentialAction":[{"@type":"SearchAction","target":{"@type":"EntryPoint","urlTemplate":"https:\/\/envoltaglobal.com\/es\/?s={search_term_string}"},"query-input":{"@type":"PropertyValueSpecification","valueRequired":true,"valueName":"search_term_string"}}],"inLanguage":"es"},{"@type":"Organization","@id":"https:\/\/envoltaglobal.com\/es\/#organization","name":"Envolta Global","url":"https:\/\/envoltaglobal.com\/es\/","logo":{"@type":"ImageObject","inLanguage":"es","@id":"https:\/\/envoltaglobal.com\/es\/#\/schema\/logo\/image\/","url":"https:\/\/envoltaglobal.com\/wp-content\/uploads\/2026\/06\/cropped-Envolta_energia-logo.png","contentUrl":"https:\/\/envoltaglobal.com\/wp-content\/uploads\/2026\/06\/cropped-Envolta_energia-logo.png","width":1257,"height":198,"caption":"Envolta Global"},"image":{"@id":"https:\/\/envoltaglobal.com\/es\/#\/schema\/logo\/image\/"}},{"@type":"Person","@id":"https:\/\/envoltaglobal.com\/es\/#\/schema\/person\/cf24f1946a9c88bc41aea5d46c7db891","name":"wwwarcelona Dev user","image":{"@type":"ImageObject","inLanguage":"es","@id":"https:\/\/secure.gravatar.com\/avatar\/0c6819356538849544fe79abd31afb6f42861bbb96368a1f2151f9a226524dcd?s=96&d=mm&r=g","url":"https:\/\/secure.gravatar.com\/avatar\/0c6819356538849544fe79abd31afb6f42861bbb96368a1f2151f9a226524dcd?s=96&d=mm&r=g","contentUrl":"https:\/\/secure.gravatar.com\/avatar\/0c6819356538849544fe79abd31afb6f42861bbb96368a1f2151f9a226524dcd?s=96&d=mm&r=g","caption":"wwwarcelona Dev user"}}]}},"_links":{"self":[{"href":"https:\/\/envoltaglobal.com\/es\/wp-json\/wp\/v2\/posts\/4071","targetHints":{"allow":["GET"]}}],"collection":[{"href":"https:\/\/envoltaglobal.com\/es\/wp-json\/wp\/v2\/posts"}],"about":[{"href":"https:\/\/envoltaglobal.com\/es\/wp-json\/wp\/v2\/types\/post"}],"author":[{"embeddable":true,"href":"https:\/\/envoltaglobal.com\/es\/wp-json\/wp\/v2\/users\/2"}],"replies":[{"embeddable":true,"href":"https:\/\/envoltaglobal.com\/es\/wp-json\/wp\/v2\/comments?post=4071"}],"version-history":[{"count":1,"href":"https:\/\/envoltaglobal.com\/es\/wp-json\/wp\/v2\/posts\/4071\/revisions"}],"predecessor-version":[{"id":4074,"href":"https:\/\/envoltaglobal.com\/es\/wp-json\/wp\/v2\/posts\/4071\/revisions\/4074"}],"wp:featuredmedia":[{"embeddable":true,"href":"https:\/\/envoltaglobal.com\/es\/wp-json\/wp\/v2\/media\/4073"}],"wp:attachment":[{"href":"https:\/\/envoltaglobal.com\/es\/wp-json\/wp\/v2\/media?parent=4071"}],"wp:term":[{"taxonomy":"category","embeddable":true,"href":"https:\/\/envoltaglobal.com\/es\/wp-json\/wp\/v2\/categories?post=4071"},{"taxonomy":"post_tag","embeddable":true,"href":"https:\/\/envoltaglobal.com\/es\/wp-json\/wp\/v2\/tags?post=4071"}],"curies":[{"name":"wp","href":"https:\/\/api.w.org\/{rel}","templated":true}]}}