{"id":4075,"date":"2023-04-03T13:55:49","date_gmt":"2023-04-03T11:55:49","guid":{"rendered":"https:\/\/envoltaglobal.com\/sin-categoria\/bit-congress-2023-una-reunion-sobre-la-bioeconomia-circular-con-el-biogas-como-protagonista\/"},"modified":"2026-08-11T13:53:42","modified_gmt":"2026-08-11T11:53:42","slug":"bit-congress-2023-una-reunion-sobre-la-bioeconomia-circular-con-el-biogas-como-protagonista","status":"publish","type":"post","link":"https:\/\/envoltaglobal.com\/es\/energia\/bit-congress-2023-una-reunion-sobre-la-bioeconomia-circular-con-el-biogas-como-protagonista\/","title":{"rendered":"BIT Congress 2023, una reuni\u00f3n sobre la bioeconom\u00eda circular con el biog\u00e1s como protagonista"},"content":{"rendered":"\t\t<div data-elementor-type=\"wp-post\" data-elementor-id=\"4075\" class=\"elementor elementor-4075 elementor-2960\" data-elementor-post-type=\"post\">\n\t\t\t\t<div class=\"elementor-element elementor-element-e4ddd09 e-flex e-con-boxed e-con e-parent\" data-id=\"e4ddd09\" data-element_type=\"container\" data-e-type=\"container\">\n\t\t\t\t\t<div class=\"e-con-inner\">\n\t\t<div class=\"elementor-element elementor-element-63e7c34 e-con-full e-flex e-con e-child\" data-id=\"63e7c34\" data-element_type=\"container\" data-e-type=\"container\">\n\t\t\t\t<div class=\"elementor-element elementor-element-7d6657a elementor-widget elementor-widget-heading\" data-id=\"7d6657a\" data-element_type=\"widget\" data-e-type=\"widget\" data-widget_type=\"heading.default\">\n\t\t\t\t<div class=\"elementor-widget-container\">\n\t\t\t\t\t<h1 class=\"elementor-heading-title elementor-size-default\">BIT Congress 2023, una reuni\u00f3n sobre la bioeconom\u00eda circular con el biog\u00e1s como protagonista<\/h1>\t\t\t\t<\/div>\n\t\t\t\t<\/div>\n\t\t\t\t<div class=\"elementor-element elementor-element-a39f68e elementor-widget__width-initial elementor-widget elementor-widget-text-editor\" data-id=\"a39f68e\" data-element_type=\"widget\" data-e-type=\"widget\" data-widget_type=\"text-editor.default\">\n\t\t\t\t<div class=\"elementor-widget-container\">\n\t\t\t\t\t\t\t\t\t<p>La semana pasada, el <strong>Congreso BIT 2023 tuvo lugar en Vic<\/strong>, un evento para conocer y compartir tendencias, innovaciones, proyectos empresariales y estrategias gubernamentales centradas en la bioeconom\u00eda circular. \u00ab<strong>Bioeconom\u00eda, Innovaci\u00f3n y Tecnolog\u00eda<\/strong>\u00bb son los tres temas que conforman el acr\u00f3nimo y definen el eje transversal de la reuni\u00f3n anual. La segunda edici\u00f3n del congreso se celebr\u00f3 los d\u00edas 30 y 31 de marzo en el edificio Sucre de Vic, dentro <strong>del marco del tradicional Mercat del Ram del sector agr\u00edcola y ganadero<\/strong>. Con m\u00e1s de 300 participantes, la reuni\u00f3n fue un \u00e9xito rotundo y permiti\u00f3 la creaci\u00f3n de nuevas sinergias en el sector energ\u00e9tico, especialmente centrada en la bioenerg\u00eda.    <\/p>\t\t\t\t\t\t\t\t<\/div>\n\t\t\t\t<\/div>\n\t\t\t\t<\/div>\n\t\t<div class=\"elementor-element elementor-element-c7a39cf e-con-full e-flex e-con e-child\" data-id=\"c7a39cf\" data-element_type=\"container\" data-e-type=\"container\" data-settings=\"{&quot;background_background&quot;:&quot;classic&quot;}\">\n\t\t\t\t<div class=\"elementor-element elementor-element-e6a39e2 elementor-widget elementor-widget-spacer\" data-id=\"e6a39e2\" data-element_type=\"widget\" data-e-type=\"widget\" data-widget_type=\"spacer.default\">\n\t\t\t\t<div class=\"elementor-widget-container\">\n\t\t\t\t\t\t\t<div class=\"elementor-spacer\">\n\t\t\t<div class=\"elementor-spacer-inner\"><\/div>\n\t\t<\/div>\n\t\t\t\t\t\t<\/div>\n\t\t\t\t<\/div>\n\t\t\t\t<\/div>\n\t\t\t\t\t<\/div>\n\t\t\t\t<\/div>\n\t\t<div class=\"elementor-element elementor-element-794f681 e-flex e-con-boxed e-con e-parent\" data-id=\"794f681\" data-element_type=\"container\" data-e-type=\"container\">\n\t\t\t\t\t<div class=\"e-con-inner\">\n\t\t\t\t<div class=\"elementor-element elementor-element-465e46b elementor-widget__width-initial elementor-widget elementor-widget-text-editor\" data-id=\"465e46b\" data-element_type=\"widget\" data-e-type=\"widget\" data-widget_type=\"text-editor.default\">\n\t\t\t\t<div class=\"elementor-widget-container\">\n\t\t\t\t\t\t\t\t\t<p>En <strong>el contexto de la actual emergencia clim\u00e1tica<\/strong> y la escasez de recursos primarios, existe una necesidad urgente de avanzar hacia un modelo social y econ\u00f3mico m\u00e1s circular, sostenible y respetuoso con el medio ambiente. Este cambio debe ser transversal, multidisciplinar, eficiente y colaborativo. Este a\u00f1o, y tras la necesidad de ser independientes energ\u00e9ticamente, <strong>el \u00abbiog\u00e1s\u00bb ha sido el protagonista de la edici\u00f3n del congreso<\/strong>. Este a\u00f1o, y tras la necesidad de ser independientes energ\u00e9ticamente, el \u00abbiog\u00e1s\u00bb ha sido el protagonista de la edici\u00f3n del congreso. El subproducto de la digesti\u00f3n anaer\u00f3bica desempe\u00f1a un papel importante en la transici\u00f3n energ\u00e9tica, y ahora m\u00e1s que nunca es necesario promover la generaci\u00f3n de gases renovables para complementar la tendencia de electrificaci\u00f3n de la energ\u00eda.    <\/p>\t\t\t\t\t\t\t\t<\/div>\n\t\t\t\t<\/div>\n\t\t\t\t\t<\/div>\n\t\t\t\t<\/div>\n\t\t\t\t<section class=\"elementor-section elementor-top-section elementor-element elementor-element-acb6ca0 elementor-section-boxed elementor-section-height-default elementor-section-height-default\" data-id=\"acb6ca0\" data-element_type=\"section\" data-e-type=\"section\">\n\t\t\t\t\t\t<div class=\"elementor-container elementor-column-gap-default\">\n\t\t\t\t\t<div class=\"elementor-column elementor-col-100 elementor-top-column elementor-element elementor-element-5d9053d\" data-id=\"5d9053d\" data-element_type=\"column\" data-e-type=\"column\">\n\t\t\t<div class=\"elementor-widget-wrap elementor-element-populated\">\n\t\t\t\t\t\t<section class=\"elementor-section elementor-inner-section elementor-element elementor-element-722b38f elementor-section-boxed elementor-section-height-default elementor-section-height-default\" data-id=\"722b38f\" data-element_type=\"section\" data-e-type=\"section\">\n\t\t\t\t\t\t<div class=\"elementor-container elementor-column-gap-default\">\n\t\t\t\t\t<div class=\"elementor-column elementor-col-50 elementor-inner-column elementor-element elementor-element-00f254d\" data-id=\"00f254d\" data-element_type=\"column\" data-e-type=\"column\">\n\t\t\t<div class=\"elementor-widget-wrap elementor-element-populated\">\n\t\t\t\t\t\t<div class=\"elementor-element elementor-element-41146aa elementor-blockquote--skin-border elementor-widget elementor-widget-blockquote\" data-id=\"41146aa\" data-element_type=\"widget\" data-e-type=\"widget\" data-widget_type=\"blockquote.default\">\n\t\t\t\t<div class=\"elementor-widget-container\">\n\t\t\t\t\t\t\t<blockquote class=\"elementor-blockquote\">\n\t\t\t<p class=\"elementor-blockquote__content\">\n\t\t\t\t\"Sin biog\u00e1s no hay transici\u00f3n energ\u00e9tica\", es el lema del Cl\u00faster de Bioenerg\u00eda de Catalu\u00f1a, un cl\u00faster que abarca a m\u00e1s de 130 empresas del sector y donde M\u00e0rius Aguirre, cofundador de Envolta, dirige la comisi\u00f3n de biog\u00e1s. Envolta Energia desarrolla proyectos de bioenerg\u00eda y lidera la redacci\u00f3n de una gu\u00eda para promover el biog\u00e1s en Catalu\u00f1a, por lo que participamos como asistentes a este encuentro, un espacio para crear sinergias, contactos y conocimientos. \t\t\t<\/p>\n\t\t\t\t\t<\/blockquote>\n\t\t\t\t\t\t<\/div>\n\t\t\t\t<\/div>\n\t\t\t\t<div class=\"elementor-element elementor-element-1487645 elementor-widget__width-initial elementor-widget elementor-widget-text-editor\" data-id=\"1487645\" data-element_type=\"widget\" data-e-type=\"widget\" data-widget_type=\"text-editor.default\">\n\t\t\t\t<div class=\"elementor-widget-container\">\n\t\t\t\t\t\t\t\t\t<p>As\u00ed, el evento reuni\u00f3 <strong>a profesionales y expertos de diferentes sectores involucrados en la cadena de valor del biog\u00e1s<\/strong>, como los sectores p\u00fablico y privado, desde pol\u00edticas hasta ingenier\u00eda, empresas de gas en el mundo de la investigaci\u00f3n, desde inversores y promotores hasta agricultores y ganaderos del sector primario&#8230; Adem\u00e1s, Catalu\u00f1a tiene un gran potencial para que los recursos org\u00e1nicos generen este tipo de gas renovable que no se hab\u00eda utilizado hasta ahora como otros pa\u00edses de Europa. La reuni\u00f3n quiso subrayar la importancia de promover la transformaci\u00f3n del sector primario, para que la producci\u00f3n de alimentos sea m\u00e1s eficiente, saludable y respetuosa con el medio ambiente. <\/p>\n\t\t\t\t\t\t\t\t<\/div>\n\t\t\t\t<\/div>\n\t\t\t\t\t<\/div>\n\t\t<\/div>\n\t\t\t\t<div class=\"elementor-column elementor-col-50 elementor-inner-column elementor-element elementor-element-7c8bb55\" data-id=\"7c8bb55\" data-element_type=\"column\" data-e-type=\"column\" data-settings=\"{&quot;background_background&quot;:&quot;classic&quot;}\">\n\t\t\t<div class=\"elementor-widget-wrap elementor-element-populated\">\n\t\t\t\t\t\t<div class=\"elementor-element elementor-element-1a5d64a elementor-widget elementor-widget-spacer\" data-id=\"1a5d64a\" data-element_type=\"widget\" data-e-type=\"widget\" data-widget_type=\"spacer.default\">\n\t\t\t\t<div class=\"elementor-widget-container\">\n\t\t\t\t\t\t\t<div class=\"elementor-spacer\">\n\t\t\t<div class=\"elementor-spacer-inner\"><\/div>\n\t\t<\/div>\n\t\t\t\t\t\t<\/div>\n\t\t\t\t<\/div>\n\t\t\t\t\t<\/div>\n\t\t<\/div>\n\t\t\t\t\t<\/div>\n\t\t<\/section>\n\t\t\t\t\t<\/div>\n\t\t<\/div>\n\t\t\t\t\t<\/div>\n\t\t<\/section>\n\t\t<div class=\"elementor-element elementor-element-855642f e-flex e-con-boxed e-con e-parent\" data-id=\"855642f\" data-element_type=\"container\" data-e-type=\"container\">\n\t\t\t\t\t<div class=\"e-con-inner\">\n\t\t\t\t<div class=\"elementor-element elementor-element-3247a06 elementor-widget__width-initial elementor-widget elementor-widget-text-editor\" data-id=\"3247a06\" data-element_type=\"widget\" data-e-type=\"widget\" data-widget_type=\"text-editor.default\">\n\t\t\t\t<div class=\"elementor-widget-container\">\n\t\t\t\t\t\t\t\t\t<p>Al principio, Jaume Si\u00f3, del Departamento de Acci\u00f3n Clim\u00e1tica de la Generalitat, abri\u00f3 el congreso contextualizando al p\u00fablico sobre las estrategias p\u00fablicas y el estado actual del sector del biog\u00e1s. <em>\u00abLas principales cadenas de valor del sector del biog\u00e1s son: <strong>una gesti\u00f3n forestal<\/strong> correcta para el control de incendios, <strong>la valoraci\u00f3n del esti\u00e9rcol ganadero<\/strong>, los residuos org\u00e1nicos y subproductos de la cadena alimentaria, y la <strong>correcta gesti\u00f3n ambiental<\/strong> de los paisajes <strong>y tratamiento de aguas residuales<\/strong> con el objetivo de lograr una fertilizaci\u00f3n del suelo m\u00e1s sostenible\u00bb,<\/em> afirm\u00f3 el Subdirector General de Transferencia e Innovaci\u00f3n Agroalimentaria de la Generalitat.<\/p><p>La ministra de Acci\u00f3n Clim\u00e1tica, Alimentaci\u00f3n y Agenda Rural, Teresa Jord\u00e0, inaugur\u00f3 el evento institucional presentando el plan de biog\u00e1s para Catalu\u00f1a 2030. Esta es una estrategia de la Generalitat de Catalunya que contar\u00e1 con una inversi\u00f3n inicial de 25 millones de euros, para recuperar esti\u00e9rcol de ganado y residuos org\u00e1nicos como recursos para obtener biog\u00e1s, y aprovecharlo para la generaci\u00f3n de calor, electricidad, biometano y biofertilizantes. Uno de los principales objetivos es involucrar al sector primario en la transici\u00f3n energ\u00e9tica, as\u00ed como dar valor a la cohesi\u00f3n territorial. El objetivo es generar 1,1 TWh de biog\u00e1s anualmente para 2030; para lograrlo ser\u00e1 necesario instalar 90 plantas de generaci\u00f3n y uso de biog\u00e1s. Desde el principio, el gobierno se centrar\u00e1 en promover y promover nuevas instalaciones en granjas ganaderas y cooperativas, as\u00ed como en facilitar que las plantas existentes puedan conectarse a la red para inyectar biometano mediante la \u00abmodernizaci\u00f3n\u00bb, una tecnolog\u00eda de tratamiento para transformar el biog\u00e1s en biometano.    <\/p><p>Actualmente, y tambi\u00e9n necesariamente, la econom\u00eda circular es un sector en crecimiento. La <strong>escasez de recursos, energ\u00eda y agua<\/strong> da paso a replantear el modelo econ\u00f3mico en el que vivimos. Repensar el modelo implica dar valor a cada etapa y subproducto del ciclo de vida de un producto, recuperar los residuos generados y reconocerlos como recursos de valor a\u00f1adido. Siguiendo esta l\u00ednea, el biog\u00e1s desempe\u00f1a un papel clave en la econom\u00eda circular, as\u00ed como <strong>con el objetivo de garantizar la seguridad alimentaria y la soberan\u00eda<\/strong>. El congreso BIT, coorganizado por el Centro BETA, el Ayuntamiento de Vic y el Departamento de Acci\u00f3n Clim\u00e1tica, Alimentaci\u00f3n y Agenda Rural de la Generalitat de Catalunya, pretende promover soluciones, generar nuevas oportunidades, facilitar el crecimiento, el conocimiento y el desarrollo de proyectos y negocios basados en el biog\u00e1s, resultado de la digesti\u00f3n anaer\u00f3bia de materia org\u00e1nica.    <\/p><p>Durante los dos d\u00edas del congreso, los asistentes pudieron asistir a conferencias, mesas redondas, talleres participativos y tiempo para establecer contactos. Las diferentes actividades abordaron una <strong>visi\u00f3n muy amplia del sector<\/strong>, comenzando con estrategias europeas y locales, pasando por historias de \u00e9xito de plantas de biog\u00e1s tanto en Catalu\u00f1a como en Europa, la viabilidad t\u00e9cnica, econ\u00f3mica y social, la importancia de desarrollar nuevas tecnolog\u00edas y conocimientos a trav\u00e9s de la investigaci\u00f3n en km0, sin olvidar el gran desaf\u00edo que representa la buena gesti\u00f3n del digesto. M\u00e1s de 40 ponentes, expertos en su campo, han ofrecido presentaciones siguiendo todas las ramas y \u00e1reas del sector bioenerg\u00e9tico, centr\u00e1ndose en 5 mesas redondas muy interesantes y diversas:  <\/p><ul><li><strong>\u00ab<em>Modelos de plantas de biog\u00e1s para la recuperaci\u00f3n de esti\u00e9rcol ganadero y residuos org\u00e1nicos del sector agroalimentario<\/em>\u00ab,<\/strong> donde se presentaron diferentes modelos de \u00e9xito europeos y locales, y se contextualiz\u00f3 la situaci\u00f3n actual del sector.<\/li><li><em>\u00ab<strong>\u00bfQu\u00e9 hace viable una planta de biog\u00e1s? Visiones de Negocio<\/strong>\u00ab,<\/em> moderado por el presidente del Cl\u00faster de Bioenerg\u00eda de Catalu\u00f1a, compartieron diferentes perspectivas sobre la sostenibilidad econ\u00f3mica y la rentabilidad financiera de una planta de biog\u00e1s.<\/li><li><strong>\u00ab<em>Contribuci\u00f3n de la producci\u00f3n de biog\u00e1s a partir de residuos municipales y PME<\/em>\u00ab,<\/strong> donde profesionales de la Agencia de Residuos de Catalu\u00f1a han debatido el gran papel de la gesti\u00f3n de aguas residuales y lodos como grandes recursos energ\u00e9ticos dentro de la cadena de valor del biog\u00e1s.<\/li><li><strong>\u00ab<em>Estrategias para la gesti\u00f3n y valoraci\u00f3n del digesto: aspectos estrat\u00e9gicos, t\u00e9cnicos, legales y log\u00edsticos<\/em>\u00ab,<\/strong> una mesa redonda cr\u00edtica ante el gran desaf\u00edo o problema que representa la correcta gesti\u00f3n del digesto y sus salidas como compost, biofertilizantes y tratamiento de aguas contaminadas con nitratos<\/li><li><strong>\u00ab<em>Sesi\u00f3n de avances en investigaci\u00f3n aplicada en el campo del biog\u00e1s. Visi\u00f3n Cient\u00edfica\u00bb,<\/em><\/strong> un espacio para presentar proyectos de innovaci\u00f3n y tecnolog\u00eda de diferentes centros de investigaci\u00f3n centrados en mejorar los procesos de una planta de biog\u00e1s.<\/li><li>\u00ab<em><strong>\u00bfCu\u00e1l es el futuro del biog\u00e1s en Catalu\u00f1a? Visiones estrat\u00e9gicas.\u00bb<\/strong><\/em> Donde se ha concluido que ahora es el momento de grandes oportunidades para promover el biog\u00e1s en la transici\u00f3n energ\u00e9tica, y donde se presentaron diferentes estrategias para alcanzar los ambiciosos objetivos establecidos por los planes energ\u00e9ticos europeos y locales, como el Gren-Deal de la UE o la Estrategia Circular de Bioenerg\u00eda 2030 de Catalu\u00f1a, el plan de biog\u00e1s de Catalu\u00f1a,  entre otros.<\/li><\/ul>\t\t\t\t\t\t\t\t<\/div>\n\t\t\t\t<\/div>\n\t\t\t\t\t<\/div>\n\t\t\t\t<\/div>\n\t\t\t\t<section class=\"elementor-section elementor-top-section elementor-element elementor-element-a054554 elementor-section-boxed elementor-section-height-default elementor-section-height-default\" data-id=\"a054554\" data-element_type=\"section\" data-e-type=\"section\">\n\t\t\t\t\t\t<div class=\"elementor-container elementor-column-gap-default\">\n\t\t\t\t\t<div class=\"elementor-column elementor-col-100 elementor-top-column elementor-element elementor-element-52f982e\" data-id=\"52f982e\" data-element_type=\"column\" data-e-type=\"column\">\n\t\t\t<div class=\"elementor-widget-wrap elementor-element-populated\">\n\t\t\t\t\t\t<section class=\"elementor-section elementor-inner-section elementor-element elementor-element-16dcfc4 elementor-section-boxed elementor-section-height-default elementor-section-height-default\" data-id=\"16dcfc4\" data-element_type=\"section\" data-e-type=\"section\">\n\t\t\t\t\t\t<div class=\"elementor-container elementor-column-gap-default\">\n\t\t\t\t\t<div class=\"elementor-column elementor-col-50 elementor-inner-column elementor-element elementor-element-f8bfe60\" data-id=\"f8bfe60\" data-element_type=\"column\" data-e-type=\"column\">\n\t\t\t<div class=\"elementor-widget-wrap elementor-element-populated\">\n\t\t\t\t\t\t<div class=\"elementor-element elementor-element-9633247 elementor-widget__width-initial elementor-widget elementor-widget-text-editor\" data-id=\"9633247\" data-element_type=\"widget\" data-e-type=\"widget\" data-widget_type=\"text-editor.default\">\n\t\t\t\t<div class=\"elementor-widget-container\">\n\t\t\t\t\t\t\t\t\t<p class=\"reader-text-block__paragraph\"><strong>Envolta Energia<\/strong> participa activamente con el Cl\u00faster de Bioenerg\u00eda de Catalu\u00f1a para producir una gu\u00eda que promova el biog\u00e1s en Catalu\u00f1a, as\u00ed como para desarrollar proyectos de plantas de biog\u00e1s en el territorio. El congreso BIT ha representado una oportunidad para crear sinergias en el sector. <\/p>\n\t\t\t\t\t\t\t\t<\/div>\n\t\t\t\t<\/div>\n\t\t\t\t\t<\/div>\n\t\t<\/div>\n\t\t\t\t<div class=\"elementor-column elementor-col-50 elementor-inner-column elementor-element elementor-element-fbd1e6c\" data-id=\"fbd1e6c\" data-element_type=\"column\" data-e-type=\"column\" data-settings=\"{&quot;background_background&quot;:&quot;classic&quot;}\">\n\t\t\t<div class=\"elementor-widget-wrap elementor-element-populated\">\n\t\t\t\t\t\t<div class=\"elementor-element elementor-element-0b14c6c elementor-widget elementor-widget-spacer\" data-id=\"0b14c6c\" data-element_type=\"widget\" data-e-type=\"widget\" data-widget_type=\"spacer.default\">\n\t\t\t\t<div class=\"elementor-widget-container\">\n\t\t\t\t\t\t\t<div class=\"elementor-spacer\">\n\t\t\t<div class=\"elementor-spacer-inner\"><\/div>\n\t\t<\/div>\n\t\t\t\t\t\t<\/div>\n\t\t\t\t<\/div>\n\t\t\t\t\t<\/div>\n\t\t<\/div>\n\t\t\t\t\t<\/div>\n\t\t<\/section>\n\t\t\t\t\t<\/div>\n\t\t<\/div>\n\t\t\t\t\t<\/div>\n\t\t<\/section>\n\t\t<div class=\"elementor-element elementor-element-6592ca1 e-flex e-con-boxed e-con e-parent\" data-id=\"6592ca1\" data-element_type=\"container\" data-e-type=\"container\">\n\t\t\t\t\t<div class=\"e-con-inner\">\n\t\t\t\t<div class=\"elementor-element elementor-element-c95c4c4 elementor-widget elementor-widget-template\" data-id=\"c95c4c4\" data-element_type=\"widget\" data-e-type=\"widget\" data-widget_type=\"template.default\">\n\t\t\t\t<div class=\"elementor-widget-container\">\n\t\t\t\t\t\t\t<div class=\"elementor-template\">\n\t\t\t\t\t<div data-elementor-type=\"container\" data-elementor-id=\"2297\" class=\"elementor elementor-2297 elementor-1640 elementor-1640\" data-elementor-post-type=\"elementor_library\">\n\t\t\t\t<div class=\"elementor-element elementor-element-43af5810 e-flex e-con-boxed e-con e-parent\" data-id=\"43af5810\" data-element_type=\"container\" data-e-type=\"container\" data-settings=\"{&quot;background_background&quot;:&quot;classic&quot;}\">\n\t\t\t\t\t<div class=\"e-con-inner\">\n\t\t<div class=\"elementor-element elementor-element-53e91306 e-con-full e-flex e-con e-child\" data-id=\"53e91306\" data-element_type=\"container\" data-e-type=\"container\">\n\t\t\t\t<div class=\"elementor-element elementor-element-7628bcfc elementor-widget elementor-widget-heading\" data-id=\"7628bcfc\" data-element_type=\"widget\" data-e-type=\"widget\" data-widget_type=\"heading.default\">\n\t\t\t\t<div class=\"elementor-widget-container\">\n\t\t\t\t\t<h2 class=\"elementor-heading-title elementor-size-default\">\u00bfC\u00f3mo podemos ayudarte?<\/h2>\t\t\t\t<\/div>\n\t\t\t\t<\/div>\n\t\t\t\t<div class=\"elementor-element elementor-element-6897c03 elementor-widget elementor-widget-text-editor\" data-id=\"6897c03\" data-element_type=\"widget\" data-e-type=\"widget\" data-widget_type=\"text-editor.default\">\n\t\t\t\t<div class=\"elementor-widget-container\">\n\t\t\t\t\t\t\t\t\t<p>Te gu\u00edamos en sostenibilidad y cumplimiento normativo para que tu negocio crezca con impacto y seguridad.  <\/p>\t\t\t\t\t\t\t\t<\/div>\n\t\t\t\t<\/div>\n\t\t\t\t<div class=\"elementor-element elementor-element-587e1ebb elementor-widget elementor-widget-button\" data-id=\"587e1ebb\" data-element_type=\"widget\" data-e-type=\"widget\" data-widget_type=\"button.default\">\n\t\t\t\t<div class=\"elementor-widget-container\">\n\t\t\t\t\t\t\t\t\t<div class=\"elementor-button-wrapper\">\n\t\t\t\t\t<a class=\"elementor-button elementor-button-link elementor-size-sm\" href=\"https:\/\/envoltaglobal.com\/es\/contacta\/\">\n\t\t\t\t\t\t<span class=\"elementor-button-content-wrapper\">\n\t\t\t\t\t\t\t\t\t<span class=\"elementor-button-text\">CONTACTA<\/span>\n\t\t\t\t\t<\/span>\n\t\t\t\t\t<\/a>\n\t\t\t\t<\/div>\n\t\t\t\t\t\t\t\t<\/div>\n\t\t\t\t<\/div>\n\t\t\t\t<\/div>\n\t\t<div class=\"elementor-element elementor-element-48850d91 e-con-full e-flex e-con e-child\" data-id=\"48850d91\" data-element_type=\"container\" data-e-type=\"container\" data-settings=\"{&quot;background_background&quot;:&quot;classic&quot;}\">\n\t\t\t\t<div class=\"elementor-element elementor-element-446bcd50 elementor-widget elementor-widget-spacer\" data-id=\"446bcd50\" data-element_type=\"widget\" data-e-type=\"widget\" data-widget_type=\"spacer.default\">\n\t\t\t\t<div class=\"elementor-widget-container\">\n\t\t\t\t\t\t\t<div class=\"elementor-spacer\">\n\t\t\t<div class=\"elementor-spacer-inner\"><\/div>\n\t\t<\/div>\n\t\t\t\t\t\t<\/div>\n\t\t\t\t<\/div>\n\t\t\t\t<\/div>\n\t\t\t\t\t<\/div>\n\t\t\t\t<\/div>\n\t\t\t\t<\/div>\n\t\t\t\t<\/div>\n\t\t\t\t\t\t<\/div>\n\t\t\t\t<\/div>\n\t\t\t\t\t<\/div>\n\t\t\t\t<\/div>\n\t\t\t\t<\/div>\n\t\t","protected":false},"excerpt":{"rendered":"<p>La semana pasada, el Congreso BIT 2023 tuvo lugar en Vic, un evento para conocer y compartir tendencias, innovaciones, proyectos empresariales y estrategias gubernamentales centradas en la bioeconom\u00eda circular. \u00abBioeconom\u00eda, Innovaci\u00f3n y Tecnolog\u00eda\u00bb son los tres temas que conforman el acr\u00f3nimo y definen el eje transversal de la reuni\u00f3n anual. <\/p>\n","protected":false},"author":2,"featured_media":4077,"comment_status":"closed","ping_status":"closed","sticky":false,"template":"","format":"standard","meta":{"_acf_changed":false,"inline_featured_image":false,"footnotes":""},"categories":[55],"tags":[],"class_list":["post-4075","post","type-post","status-publish","format-standard","has-post-thumbnail","hentry","category-energia"],"acf":[],"yoast_head":"<!-- This site is optimized with the Yoast SEO plugin v28.1 - https:\/\/yoast.com\/product\/yoast-seo-wordpress\/ -->\n<title>\u25b7BIT Congress 2023, una reuni\u00f3n sobre la bioeconom\u00eda circular con el biog\u00e1s como protagonista - \u3010 Envolta Global \u3011<\/title>\n<meta name=\"description\" content=\"La semana pasada, el Congreso BIT 2023 tuvo lugar en Vic, un evento para conocer y compartir tendencias, innovaciones, proyectos empresariales y estrategias gubernamentales centradas en la bioeconom\u00eda circular. &quot;Bioeconom\u00eda, Innovaci\u00f3n y Tecnolog\u00eda&quot; son los tres temas que conforman el acr\u00f3nimo y definen el eje transversal de la reuni\u00f3n anual. \u2713\" \/>\n<meta name=\"robots\" content=\"index, follow, max-snippet:-1, max-image-preview:large, max-video-preview:-1\" \/>\n<link rel=\"canonical\" href=\"https:\/\/envoltaglobal.com\/es\/energia\/bit-congress-2023-una-reunion-sobre-la-bioeconomia-circular-con-el-biogas-como-protagonista\/\" \/>\n<meta property=\"og:locale\" content=\"es_ES\" \/>\n<meta property=\"og:type\" content=\"article\" \/>\n<meta property=\"og:title\" content=\"\u25b7BIT Congress 2023, una reuni\u00f3n sobre la bioeconom\u00eda circular con el biog\u00e1s como protagonista - \u3010 Envolta Global \u3011\" \/>\n<meta property=\"og:description\" content=\"La semana pasada, el Congreso BIT 2023 tuvo lugar en Vic, un evento para conocer y compartir tendencias, innovaciones, proyectos empresariales y estrategias gubernamentales centradas en la bioeconom\u00eda circular. &quot;Bioeconom\u00eda, Innovaci\u00f3n y Tecnolog\u00eda&quot; son los tres temas que conforman el acr\u00f3nimo y definen el eje transversal de la reuni\u00f3n anual. \u2713\" \/>\n<meta property=\"og:url\" content=\"https:\/\/envoltaglobal.com\/es\/energia\/bit-congress-2023-una-reunion-sobre-la-bioeconomia-circular-con-el-biogas-como-protagonista\/\" \/>\n<meta property=\"og:site_name\" content=\"Envolta Global\" \/>\n<meta property=\"article:published_time\" content=\"2023-04-03T11:55:49+00:00\" \/>\n<meta property=\"article:modified_time\" content=\"2026-08-11T11:53:42+00:00\" \/>\n<meta property=\"og:image\" content=\"https:\/\/envoltaglobal.com\/wp-content\/uploads\/2026\/06\/Congres-BIT-Vic-2-e1690545428420.png\" \/>\n\t<meta property=\"og:image:width\" content=\"1920\" \/>\n\t<meta property=\"og:image:height\" content=\"1371\" \/>\n\t<meta property=\"og:image:type\" content=\"image\/png\" \/>\n<meta name=\"author\" content=\"wwwarcelona Dev user\" \/>\n<meta name=\"twitter:card\" content=\"summary_large_image\" \/>\n<meta name=\"twitter:label1\" content=\"Escrito por\" \/>\n\t<meta name=\"twitter:data1\" content=\"wwwarcelona Dev user\" \/>\n\t<meta name=\"twitter:label2\" content=\"Tiempo de lectura\" \/>\n\t<meta name=\"twitter:data2\" content=\"7 minutos\" \/>\n<script type=\"application\/ld+json\" class=\"yoast-schema-graph\">{\"@context\":\"https:\\\/\\\/schema.org\",\"@graph\":[{\"@type\":\"Article\",\"@id\":\"https:\\\/\\\/envoltaglobal.com\\\/es\\\/energia\\\/bit-congress-2023-una-reunion-sobre-la-bioeconomia-circular-con-el-biogas-como-protagonista\\\/#article\",\"isPartOf\":{\"@id\":\"https:\\\/\\\/envoltaglobal.com\\\/es\\\/energia\\\/bit-congress-2023-una-reunion-sobre-la-bioeconomia-circular-con-el-biogas-como-protagonista\\\/\"},\"author\":{\"name\":\"wwwarcelona Dev user\",\"@id\":\"https:\\\/\\\/envoltaglobal.com\\\/es\\\/#\\\/schema\\\/person\\\/cf24f1946a9c88bc41aea5d46c7db891\"},\"headline\":\"BIT Congress 2023, una reuni\u00f3n sobre la bioeconom\u00eda circular con el biog\u00e1s como protagonista\",\"datePublished\":\"2023-04-03T11:55:49+00:00\",\"dateModified\":\"2026-08-11T11:53:42+00:00\",\"mainEntityOfPage\":{\"@id\":\"https:\\\/\\\/envoltaglobal.com\\\/es\\\/energia\\\/bit-congress-2023-una-reunion-sobre-la-bioeconomia-circular-con-el-biogas-como-protagonista\\\/\"},\"wordCount\":1430,\"publisher\":{\"@id\":\"https:\\\/\\\/envoltaglobal.com\\\/es\\\/#organization\"},\"image\":{\"@id\":\"https:\\\/\\\/envoltaglobal.com\\\/es\\\/energia\\\/bit-congress-2023-una-reunion-sobre-la-bioeconomia-circular-con-el-biogas-como-protagonista\\\/#primaryimage\"},\"thumbnailUrl\":\"https:\\\/\\\/envoltaglobal.com\\\/wp-content\\\/uploads\\\/2026\\\/06\\\/Congres-BIT-Vic-2-e1690545428420.png\",\"articleSection\":[\"Energ\u00eda\"],\"inLanguage\":\"es\"},{\"@type\":\"WebPage\",\"@id\":\"https:\\\/\\\/envoltaglobal.com\\\/es\\\/energia\\\/bit-congress-2023-una-reunion-sobre-la-bioeconomia-circular-con-el-biogas-como-protagonista\\\/\",\"url\":\"https:\\\/\\\/envoltaglobal.com\\\/es\\\/energia\\\/bit-congress-2023-una-reunion-sobre-la-bioeconomia-circular-con-el-biogas-como-protagonista\\\/\",\"name\":\"\u25b7BIT Congress 2023, una reuni\u00f3n sobre la bioeconom\u00eda circular con el biog\u00e1s como protagonista - \u3010 Envolta Global \u3011\",\"isPartOf\":{\"@id\":\"https:\\\/\\\/envoltaglobal.com\\\/es\\\/#website\"},\"primaryImageOfPage\":{\"@id\":\"https:\\\/\\\/envoltaglobal.com\\\/es\\\/energia\\\/bit-congress-2023-una-reunion-sobre-la-bioeconomia-circular-con-el-biogas-como-protagonista\\\/#primaryimage\"},\"image\":{\"@id\":\"https:\\\/\\\/envoltaglobal.com\\\/es\\\/energia\\\/bit-congress-2023-una-reunion-sobre-la-bioeconomia-circular-con-el-biogas-como-protagonista\\\/#primaryimage\"},\"thumbnailUrl\":\"https:\\\/\\\/envoltaglobal.com\\\/wp-content\\\/uploads\\\/2026\\\/06\\\/Congres-BIT-Vic-2-e1690545428420.png\",\"datePublished\":\"2023-04-03T11:55:49+00:00\",\"dateModified\":\"2026-08-11T11:53:42+00:00\",\"description\":\"La semana pasada, el Congreso BIT 2023 tuvo lugar en Vic, un evento para conocer y compartir tendencias, innovaciones, proyectos empresariales y estrategias gubernamentales centradas en la bioeconom\u00eda circular. \\\"Bioeconom\u00eda, Innovaci\u00f3n y Tecnolog\u00eda\\\" son los tres temas que conforman el acr\u00f3nimo y definen el eje transversal de la reuni\u00f3n anual. \u2713\",\"breadcrumb\":{\"@id\":\"https:\\\/\\\/envoltaglobal.com\\\/es\\\/energia\\\/bit-congress-2023-una-reunion-sobre-la-bioeconomia-circular-con-el-biogas-como-protagonista\\\/#breadcrumb\"},\"inLanguage\":\"es\",\"potentialAction\":[{\"@type\":\"ReadAction\",\"target\":[\"https:\\\/\\\/envoltaglobal.com\\\/es\\\/energia\\\/bit-congress-2023-una-reunion-sobre-la-bioeconomia-circular-con-el-biogas-como-protagonista\\\/\"]}]},{\"@type\":\"ImageObject\",\"inLanguage\":\"es\",\"@id\":\"https:\\\/\\\/envoltaglobal.com\\\/es\\\/energia\\\/bit-congress-2023-una-reunion-sobre-la-bioeconomia-circular-con-el-biogas-como-protagonista\\\/#primaryimage\",\"url\":\"https:\\\/\\\/envoltaglobal.com\\\/wp-content\\\/uploads\\\/2026\\\/06\\\/Congres-BIT-Vic-2-e1690545428420.png\",\"contentUrl\":\"https:\\\/\\\/envoltaglobal.com\\\/wp-content\\\/uploads\\\/2026\\\/06\\\/Congres-BIT-Vic-2-e1690545428420.png\",\"width\":1920,\"height\":1371},{\"@type\":\"BreadcrumbList\",\"@id\":\"https:\\\/\\\/envoltaglobal.com\\\/es\\\/energia\\\/bit-congress-2023-una-reunion-sobre-la-bioeconomia-circular-con-el-biogas-como-protagonista\\\/#breadcrumb\",\"itemListElement\":[{\"@type\":\"ListItem\",\"position\":1,\"name\":\"Portada\",\"item\":\"https:\\\/\\\/envoltaglobal.com\\\/es\\\/hombre\\\/\"},{\"@type\":\"ListItem\",\"position\":2,\"name\":\"BIT Congress 2023, una reuni\u00f3n sobre la bioeconom\u00eda circular con el biog\u00e1s como protagonista\"}]},{\"@type\":\"WebSite\",\"@id\":\"https:\\\/\\\/envoltaglobal.com\\\/es\\\/#website\",\"url\":\"https:\\\/\\\/envoltaglobal.com\\\/es\\\/\",\"name\":\"Envolta Global\",\"description\":\"Envolta\",\"publisher\":{\"@id\":\"https:\\\/\\\/envoltaglobal.com\\\/es\\\/#organization\"},\"potentialAction\":[{\"@type\":\"SearchAction\",\"target\":{\"@type\":\"EntryPoint\",\"urlTemplate\":\"https:\\\/\\\/envoltaglobal.com\\\/es\\\/?s={search_term_string}\"},\"query-input\":{\"@type\":\"PropertyValueSpecification\",\"valueRequired\":true,\"valueName\":\"search_term_string\"}}],\"inLanguage\":\"es\"},{\"@type\":\"Organization\",\"@id\":\"https:\\\/\\\/envoltaglobal.com\\\/es\\\/#organization\",\"name\":\"Envolta Global\",\"url\":\"https:\\\/\\\/envoltaglobal.com\\\/es\\\/\",\"logo\":{\"@type\":\"ImageObject\",\"inLanguage\":\"es\",\"@id\":\"https:\\\/\\\/envoltaglobal.com\\\/es\\\/#\\\/schema\\\/logo\\\/image\\\/\",\"url\":\"https:\\\/\\\/envoltaglobal.com\\\/wp-content\\\/uploads\\\/2026\\\/06\\\/cropped-Envolta_energia-logo.png\",\"contentUrl\":\"https:\\\/\\\/envoltaglobal.com\\\/wp-content\\\/uploads\\\/2026\\\/06\\\/cropped-Envolta_energia-logo.png\",\"width\":1257,\"height\":198,\"caption\":\"Envolta Global\"},\"image\":{\"@id\":\"https:\\\/\\\/envoltaglobal.com\\\/es\\\/#\\\/schema\\\/logo\\\/image\\\/\"}},{\"@type\":\"Person\",\"@id\":\"https:\\\/\\\/envoltaglobal.com\\\/es\\\/#\\\/schema\\\/person\\\/cf24f1946a9c88bc41aea5d46c7db891\",\"name\":\"wwwarcelona Dev user\",\"image\":{\"@type\":\"ImageObject\",\"inLanguage\":\"es\",\"@id\":\"https:\\\/\\\/secure.gravatar.com\\\/avatar\\\/0c6819356538849544fe79abd31afb6f42861bbb96368a1f2151f9a226524dcd?s=96&d=mm&r=g\",\"url\":\"https:\\\/\\\/secure.gravatar.com\\\/avatar\\\/0c6819356538849544fe79abd31afb6f42861bbb96368a1f2151f9a226524dcd?s=96&d=mm&r=g\",\"contentUrl\":\"https:\\\/\\\/secure.gravatar.com\\\/avatar\\\/0c6819356538849544fe79abd31afb6f42861bbb96368a1f2151f9a226524dcd?s=96&d=mm&r=g\",\"caption\":\"wwwarcelona Dev user\"}}]}<\/script>\n<!-- \/ Yoast SEO plugin. -->","yoast_head_json":{"title":"\u25b7BIT Congress 2023, una reuni\u00f3n sobre la bioeconom\u00eda circular con el biog\u00e1s como protagonista - \u3010 Envolta Global \u3011","description":"La semana pasada, el Congreso BIT 2023 tuvo lugar en Vic, un evento para conocer y compartir tendencias, innovaciones, proyectos empresariales y estrategias gubernamentales centradas en la bioeconom\u00eda circular. \"Bioeconom\u00eda, Innovaci\u00f3n y Tecnolog\u00eda\" son los tres temas que conforman el acr\u00f3nimo y definen el eje transversal de la reuni\u00f3n anual. \u2713","robots":{"index":"index","follow":"follow","max-snippet":"max-snippet:-1","max-image-preview":"max-image-preview:large","max-video-preview":"max-video-preview:-1"},"canonical":"https:\/\/envoltaglobal.com\/es\/energia\/bit-congress-2023-una-reunion-sobre-la-bioeconomia-circular-con-el-biogas-como-protagonista\/","og_locale":"es_ES","og_type":"article","og_title":"\u25b7BIT Congress 2023, una reuni\u00f3n sobre la bioeconom\u00eda circular con el biog\u00e1s como protagonista - \u3010 Envolta Global \u3011","og_description":"La semana pasada, el Congreso BIT 2023 tuvo lugar en Vic, un evento para conocer y compartir tendencias, innovaciones, proyectos empresariales y estrategias gubernamentales centradas en la bioeconom\u00eda circular. \"Bioeconom\u00eda, Innovaci\u00f3n y Tecnolog\u00eda\" son los tres temas que conforman el acr\u00f3nimo y definen el eje transversal de la reuni\u00f3n anual. \u2713","og_url":"https:\/\/envoltaglobal.com\/es\/energia\/bit-congress-2023-una-reunion-sobre-la-bioeconomia-circular-con-el-biogas-como-protagonista\/","og_site_name":"Envolta Global","article_published_time":"2023-04-03T11:55:49+00:00","article_modified_time":"2026-08-11T11:53:42+00:00","og_image":[{"width":1920,"height":1371,"url":"https:\/\/envoltaglobal.com\/wp-content\/uploads\/2026\/06\/Congres-BIT-Vic-2-e1690545428420.png","type":"image\/png"}],"author":"wwwarcelona Dev user","twitter_card":"summary_large_image","twitter_misc":{"Escrito por":"wwwarcelona Dev user","Tiempo de lectura":"7 minutos"},"schema":{"@context":"https:\/\/schema.org","@graph":[{"@type":"Article","@id":"https:\/\/envoltaglobal.com\/es\/energia\/bit-congress-2023-una-reunion-sobre-la-bioeconomia-circular-con-el-biogas-como-protagonista\/#article","isPartOf":{"@id":"https:\/\/envoltaglobal.com\/es\/energia\/bit-congress-2023-una-reunion-sobre-la-bioeconomia-circular-con-el-biogas-como-protagonista\/"},"author":{"name":"wwwarcelona Dev user","@id":"https:\/\/envoltaglobal.com\/es\/#\/schema\/person\/cf24f1946a9c88bc41aea5d46c7db891"},"headline":"BIT Congress 2023, una reuni\u00f3n sobre la bioeconom\u00eda circular con el biog\u00e1s como protagonista","datePublished":"2023-04-03T11:55:49+00:00","dateModified":"2026-08-11T11:53:42+00:00","mainEntityOfPage":{"@id":"https:\/\/envoltaglobal.com\/es\/energia\/bit-congress-2023-una-reunion-sobre-la-bioeconomia-circular-con-el-biogas-como-protagonista\/"},"wordCount":1430,"publisher":{"@id":"https:\/\/envoltaglobal.com\/es\/#organization"},"image":{"@id":"https:\/\/envoltaglobal.com\/es\/energia\/bit-congress-2023-una-reunion-sobre-la-bioeconomia-circular-con-el-biogas-como-protagonista\/#primaryimage"},"thumbnailUrl":"https:\/\/envoltaglobal.com\/wp-content\/uploads\/2026\/06\/Congres-BIT-Vic-2-e1690545428420.png","articleSection":["Energ\u00eda"],"inLanguage":"es"},{"@type":"WebPage","@id":"https:\/\/envoltaglobal.com\/es\/energia\/bit-congress-2023-una-reunion-sobre-la-bioeconomia-circular-con-el-biogas-como-protagonista\/","url":"https:\/\/envoltaglobal.com\/es\/energia\/bit-congress-2023-una-reunion-sobre-la-bioeconomia-circular-con-el-biogas-como-protagonista\/","name":"\u25b7BIT Congress 2023, una reuni\u00f3n sobre la bioeconom\u00eda circular con el biog\u00e1s como protagonista - \u3010 Envolta Global \u3011","isPartOf":{"@id":"https:\/\/envoltaglobal.com\/es\/#website"},"primaryImageOfPage":{"@id":"https:\/\/envoltaglobal.com\/es\/energia\/bit-congress-2023-una-reunion-sobre-la-bioeconomia-circular-con-el-biogas-como-protagonista\/#primaryimage"},"image":{"@id":"https:\/\/envoltaglobal.com\/es\/energia\/bit-congress-2023-una-reunion-sobre-la-bioeconomia-circular-con-el-biogas-como-protagonista\/#primaryimage"},"thumbnailUrl":"https:\/\/envoltaglobal.com\/wp-content\/uploads\/2026\/06\/Congres-BIT-Vic-2-e1690545428420.png","datePublished":"2023-04-03T11:55:49+00:00","dateModified":"2026-08-11T11:53:42+00:00","description":"La semana pasada, el Congreso BIT 2023 tuvo lugar en Vic, un evento para conocer y compartir tendencias, innovaciones, proyectos empresariales y estrategias gubernamentales centradas en la bioeconom\u00eda circular. \"Bioeconom\u00eda, Innovaci\u00f3n y Tecnolog\u00eda\" son los tres temas que conforman el acr\u00f3nimo y definen el eje transversal de la reuni\u00f3n anual. \u2713","breadcrumb":{"@id":"https:\/\/envoltaglobal.com\/es\/energia\/bit-congress-2023-una-reunion-sobre-la-bioeconomia-circular-con-el-biogas-como-protagonista\/#breadcrumb"},"inLanguage":"es","potentialAction":[{"@type":"ReadAction","target":["https:\/\/envoltaglobal.com\/es\/energia\/bit-congress-2023-una-reunion-sobre-la-bioeconomia-circular-con-el-biogas-como-protagonista\/"]}]},{"@type":"ImageObject","inLanguage":"es","@id":"https:\/\/envoltaglobal.com\/es\/energia\/bit-congress-2023-una-reunion-sobre-la-bioeconomia-circular-con-el-biogas-como-protagonista\/#primaryimage","url":"https:\/\/envoltaglobal.com\/wp-content\/uploads\/2026\/06\/Congres-BIT-Vic-2-e1690545428420.png","contentUrl":"https:\/\/envoltaglobal.com\/wp-content\/uploads\/2026\/06\/Congres-BIT-Vic-2-e1690545428420.png","width":1920,"height":1371},{"@type":"BreadcrumbList","@id":"https:\/\/envoltaglobal.com\/es\/energia\/bit-congress-2023-una-reunion-sobre-la-bioeconomia-circular-con-el-biogas-como-protagonista\/#breadcrumb","itemListElement":[{"@type":"ListItem","position":1,"name":"Portada","item":"https:\/\/envoltaglobal.com\/es\/hombre\/"},{"@type":"ListItem","position":2,"name":"BIT Congress 2023, una reuni\u00f3n sobre la bioeconom\u00eda circular con el biog\u00e1s como protagonista"}]},{"@type":"WebSite","@id":"https:\/\/envoltaglobal.com\/es\/#website","url":"https:\/\/envoltaglobal.com\/es\/","name":"Envolta Global","description":"Envolta","publisher":{"@id":"https:\/\/envoltaglobal.com\/es\/#organization"},"potentialAction":[{"@type":"SearchAction","target":{"@type":"EntryPoint","urlTemplate":"https:\/\/envoltaglobal.com\/es\/?s={search_term_string}"},"query-input":{"@type":"PropertyValueSpecification","valueRequired":true,"valueName":"search_term_string"}}],"inLanguage":"es"},{"@type":"Organization","@id":"https:\/\/envoltaglobal.com\/es\/#organization","name":"Envolta Global","url":"https:\/\/envoltaglobal.com\/es\/","logo":{"@type":"ImageObject","inLanguage":"es","@id":"https:\/\/envoltaglobal.com\/es\/#\/schema\/logo\/image\/","url":"https:\/\/envoltaglobal.com\/wp-content\/uploads\/2026\/06\/cropped-Envolta_energia-logo.png","contentUrl":"https:\/\/envoltaglobal.com\/wp-content\/uploads\/2026\/06\/cropped-Envolta_energia-logo.png","width":1257,"height":198,"caption":"Envolta Global"},"image":{"@id":"https:\/\/envoltaglobal.com\/es\/#\/schema\/logo\/image\/"}},{"@type":"Person","@id":"https:\/\/envoltaglobal.com\/es\/#\/schema\/person\/cf24f1946a9c88bc41aea5d46c7db891","name":"wwwarcelona Dev user","image":{"@type":"ImageObject","inLanguage":"es","@id":"https:\/\/secure.gravatar.com\/avatar\/0c6819356538849544fe79abd31afb6f42861bbb96368a1f2151f9a226524dcd?s=96&d=mm&r=g","url":"https:\/\/secure.gravatar.com\/avatar\/0c6819356538849544fe79abd31afb6f42861bbb96368a1f2151f9a226524dcd?s=96&d=mm&r=g","contentUrl":"https:\/\/secure.gravatar.com\/avatar\/0c6819356538849544fe79abd31afb6f42861bbb96368a1f2151f9a226524dcd?s=96&d=mm&r=g","caption":"wwwarcelona Dev user"}}]}},"_links":{"self":[{"href":"https:\/\/envoltaglobal.com\/es\/wp-json\/wp\/v2\/posts\/4075","targetHints":{"allow":["GET"]}}],"collection":[{"href":"https:\/\/envoltaglobal.com\/es\/wp-json\/wp\/v2\/posts"}],"about":[{"href":"https:\/\/envoltaglobal.com\/es\/wp-json\/wp\/v2\/types\/post"}],"author":[{"embeddable":true,"href":"https:\/\/envoltaglobal.com\/es\/wp-json\/wp\/v2\/users\/2"}],"replies":[{"embeddable":true,"href":"https:\/\/envoltaglobal.com\/es\/wp-json\/wp\/v2\/comments?post=4075"}],"version-history":[{"count":1,"href":"https:\/\/envoltaglobal.com\/es\/wp-json\/wp\/v2\/posts\/4075\/revisions"}],"predecessor-version":[{"id":4085,"href":"https:\/\/envoltaglobal.com\/es\/wp-json\/wp\/v2\/posts\/4075\/revisions\/4085"}],"wp:featuredmedia":[{"embeddable":true,"href":"https:\/\/envoltaglobal.com\/es\/wp-json\/wp\/v2\/media\/4077"}],"wp:attachment":[{"href":"https:\/\/envoltaglobal.com\/es\/wp-json\/wp\/v2\/media?parent=4075"}],"wp:term":[{"taxonomy":"category","embeddable":true,"href":"https:\/\/envoltaglobal.com\/es\/wp-json\/wp\/v2\/categories?post=4075"},{"taxonomy":"post_tag","embeddable":true,"href":"https:\/\/envoltaglobal.com\/es\/wp-json\/wp\/v2\/tags?post=4075"}],"curies":[{"name":"wp","href":"https:\/\/api.w.org\/{rel}","templated":true}]}}