{"id":4076,"date":"2023-11-16T14:15:38","date_gmt":"2023-11-16T13:15:38","guid":{"rendered":"https:\/\/envoltaglobal.com\/sin-categoria\/renovacion-energetica-una-oportunidad-de-inversion-rentable-y-sostenible\/"},"modified":"2026-08-11T13:54:16","modified_gmt":"2026-08-11T11:54:16","slug":"renovacion-energetica-una-oportunidad-de-inversion-rentable-y-sostenible","status":"publish","type":"post","link":"https:\/\/envoltaglobal.com\/es\/energia\/renovacion-energetica-una-oportunidad-de-inversion-rentable-y-sostenible\/","title":{"rendered":"Renovaci\u00f3n energ\u00e9tica: una oportunidad de inversi\u00f3n rentable y sostenible"},"content":{"rendered":"\t\t<div data-elementor-type=\"wp-post\" data-elementor-id=\"4076\" class=\"elementor elementor-4076 elementor-3020\" data-elementor-post-type=\"post\">\n\t\t\t\t\t\t<section class=\"elementor-section elementor-top-section elementor-element elementor-element-5a5a381 elementor-section-boxed elementor-section-height-default elementor-section-height-default\" data-id=\"5a5a381\" data-element_type=\"section\" data-e-type=\"section\">\n\t\t\t\t\t\t<div class=\"elementor-container elementor-column-gap-default\">\n\t\t\t\t\t<div class=\"elementor-column elementor-col-100 elementor-top-column elementor-element elementor-element-38a4273\" data-id=\"38a4273\" data-element_type=\"column\" data-e-type=\"column\">\n\t\t\t<div class=\"elementor-widget-wrap elementor-element-populated\">\n\t\t\t\t\t\t<div class=\"elementor-element elementor-element-fd4d8eb elementor-widget elementor-widget-heading\" data-id=\"fd4d8eb\" data-element_type=\"widget\" data-e-type=\"widget\" data-widget_type=\"heading.default\">\n\t\t\t\t<div class=\"elementor-widget-container\">\n\t\t\t\t\t<h1 class=\"elementor-heading-title elementor-size-default\">Renovaci\u00f3n energ\u00e9tica: una oportunidad de inversi\u00f3n rentable y sostenible<\/h1>\t\t\t\t<\/div>\n\t\t\t\t<\/div>\n\t\t\t\t<section class=\"elementor-section elementor-inner-section elementor-element elementor-element-1cc4dca elementor-section-boxed elementor-section-height-default elementor-section-height-default\" data-id=\"1cc4dca\" data-element_type=\"section\" data-e-type=\"section\">\n\t\t\t\t\t\t<div class=\"elementor-container elementor-column-gap-default\">\n\t\t\t\t\t<div class=\"elementor-column elementor-col-50 elementor-inner-column elementor-element elementor-element-458c731\" data-id=\"458c731\" data-element_type=\"column\" data-e-type=\"column\" data-settings=\"{&quot;background_background&quot;:&quot;classic&quot;}\">\n\t\t\t<div class=\"elementor-widget-wrap elementor-element-populated\">\n\t\t\t\t\t\t<div class=\"elementor-element elementor-element-62655e9 elementor-widget elementor-widget-spacer\" data-id=\"62655e9\" data-element_type=\"widget\" data-e-type=\"widget\" data-widget_type=\"spacer.default\">\n\t\t\t\t<div class=\"elementor-widget-container\">\n\t\t\t\t\t\t\t<div class=\"elementor-spacer\">\n\t\t\t<div class=\"elementor-spacer-inner\"><\/div>\n\t\t<\/div>\n\t\t\t\t\t\t<\/div>\n\t\t\t\t<\/div>\n\t\t\t\t\t<\/div>\n\t\t<\/div>\n\t\t\t\t<div class=\"elementor-column elementor-col-50 elementor-inner-column elementor-element elementor-element-ae81596\" data-id=\"ae81596\" data-element_type=\"column\" data-e-type=\"column\">\n\t\t\t<div class=\"elementor-widget-wrap elementor-element-populated\">\n\t\t\t\t\t\t<div class=\"elementor-element elementor-element-e064192 elementor-widget__width-initial elementor-widget elementor-widget-text-editor\" data-id=\"e064192\" data-element_type=\"widget\" data-e-type=\"widget\" data-widget_type=\"text-editor.default\">\n\t\t\t\t<div class=\"elementor-widget-container\">\n\t\t\t\t\t\t\t\t\t<p>Las ciudades son fundamentales en la lucha contra el cambio clim\u00e1tico. Son responsables del 70% de las emisiones globales y ocupan solo el 3% de la superficie terrestre. En Espa\u00f1a, se est\u00e1 promoviendo el modelo <b>de construcci\u00f3n inteligente<\/b>, mientras que otros pa\u00edses ya est\u00e1n considerando ciudades inteligentes. El concepto Smart abarca la generaci\u00f3n, gesti\u00f3n y almacenamiento de energ\u00edas renovables, as\u00ed como el ahorro de consumo energ\u00e9tico mediante <strong>la eficiencia energ\u00e9tica.<\/strong>   <\/p><blockquote><p><strong><em>El objetivo de estas iniciativas es mejorar la salud de las personas y del planeta, lograr m\u00e1s justicia ambiental y mitigar los efectos del cambio clim\u00e1tico.<\/em><\/strong><\/p><\/blockquote><p>Europa es el primer continente en proponer <strong>la neutralidad clim\u00e1tica para 2050.<\/strong> Para lograrlo, la transformaci\u00f3n del sector inmobiliario es esencial. Los Fondos de Nueva Generaci\u00f3n de la Uni\u00f3n Europea, junto con otros incentivos a nivel regional y municipal, apoyan <strong>proyectos de eficiencia energ\u00e9tica y la rehabilitaci\u00f3n de edificios y viviendas para alcanzar <\/strong>estos objetivos.   <\/p>\t\t\t\t\t\t\t\t<\/div>\n\t\t\t\t<\/div>\n\t\t\t\t\t<\/div>\n\t\t<\/div>\n\t\t\t\t\t<\/div>\n\t\t<\/section>\n\t\t\t\t<div class=\"elementor-element elementor-element-6363e59 elementor-widget elementor-widget-text-editor\" data-id=\"6363e59\" data-element_type=\"widget\" data-e-type=\"widget\" data-widget_type=\"text-editor.default\">\n\t\t\t\t<div class=\"elementor-widget-container\">\n\t\t\t\t\t\t\t\t\t<p><span style=\"font-family: var( --e-global-typography-text-font-family ), Sans-serif; font-size: var( --e-global-typography-text-font-size ); font-weight: var( --e-global-typography-text-font-weight );\">Espec\u00edficamente, para alcanzar los <strong>objetivos europeos<\/strong>, Espa\u00f1a<\/span><span style=\"font-family: var( --e-global-typography-text-font-family ), Sans-serif; font-size: var( --e-global-typography-text-font-size ); font-weight: var( --e-global-typography-text-font-weight );\"> <\/span> tendr\u00e1 que <span style=\"font-family: var( --e-global-typography-text-font-family ), Sans-serif; font-size: var( --e-global-typography-text-font-size ); font-weight: bolder;\"> rehabilitar el 27,4% <\/span><span style=\"font-family: var( --e-global-typography-text-font-family ), Sans-serif; font-size: var( --e-global-typography-text-font-size ); font-weight: var( --e-global-typography-text-font-weight );\">de las viviendas, equivalente<\/span><span style=\"font-family: var( --e-global-typography-text-font-family ), Sans-serif; font-size: var( --e-global-typography-text-font-size );\"> <\/span><span style=\"font-family: var( --e-global-typography-text-font-family ), Sans-serif; font-size: var( --e-global-typography-text-font-size ); font-weight: bolder;\">a 35.000<\/span> <span style=\"font-family: var( --e-global-typography-text-font-family ), Sans-serif; font-size: var( --e-global-typography-text-font-size ); font-weight: var( --e-global-typography-text-font-weight );\"><strong>viviendas<\/strong> al a\u00f1o hasta 2050.<\/span><strong><span style=\"font-family: var( --e-global-typography-text-font-family ), Sans-serif; font-size: var( --e-global-typography-text-font-size );\"> <\/span><\/strong><\/p><p>El sector inmobiliario tendr\u00e1 que integrar <strong>la sostenibilidad<\/strong> de acuerdo con <strong>las normativas y est\u00e1ndares internacionales de eficiencia energ\u00e9tica.<\/strong><\/p><ul><li>Mitigaci\u00f3n de los efectos del cambio clim\u00e1tico<\/li><li>M\u00faltiples subvenciones e incentivos p\u00fablicos<\/li><li>Valor a\u00f1adido a la propiedad y ahorro econ\u00f3mico<\/li><\/ul><div> <\/div><p>Catalu\u00f1a destaca por priorizar <strong>la eficiencia energ\u00e9tica<\/strong> como clave para la sostenibilidad. En Envolta Energia, ofrecemos soluciones a asociaciones de propietarios para mejorar su eficiencia energ\u00e9tica, con propuestas de <strong>renovaci\u00f3n e integraci\u00f3n de energ\u00edas renovables<\/strong>, ya sea a nivel privado o como parte de una <strong>comunidad energ\u00e9tica.<\/strong> <\/p>\t\t\t\t\t\t\t\t<\/div>\n\t\t\t\t<\/div>\n\t\t\t\t<div class=\"elementor-element elementor-element-977aa54 elementor-widget elementor-widget-heading\" data-id=\"977aa54\" data-element_type=\"widget\" data-e-type=\"widget\" data-widget_type=\"heading.default\">\n\t\t\t\t<div class=\"elementor-widget-container\">\n\t\t\t\t\t<h3 class=\"elementor-heading-title elementor-size-default\">La rehabilitaci\u00f3n, una mejora transversal considerable<\/h3>\t\t\t\t<\/div>\n\t\t\t\t<\/div>\n\t\t\t\t<div class=\"elementor-element elementor-element-b9b5a71 elementor-widget elementor-widget-text-editor\" data-id=\"b9b5a71\" data-element_type=\"widget\" data-e-type=\"widget\" data-widget_type=\"text-editor.default\">\n\t\t\t\t<div class=\"elementor-widget-container\">\n\t\t\t\t\t\t\t\t\t<p><span style=\"font-family: var( --e-global-typography-text-font-family ), Sans-serif; font-size: var( --e-global-typography-text-font-size ); font-weight: var( --e-global-typography-text-font-weight );\">La <strong>renovaci\u00f3n del hogar mejora la calidad de vida<\/strong> mediante reparaciones y mejoras en los recintos o sistemas de aislamiento, calefacci\u00f3n e iluminaci\u00f3n para mejorar el nivel de confort. La eficiencia energ\u00e9tica suele tener m\u00e1s importancia que las energ\u00edas renovables, aunque ambas deber\u00edan ir de la mano. En analog\u00eda con la expresi\u00f3n sobre los residuos \u00ablo que menos contamina es lo que no se genera\u00bb, podemos decir que \u00abel que emite menos di\u00f3xido de carbono es el que no se consume.\u00bb    <\/span><\/p>\t\t\t\t\t\t\t\t<\/div>\n\t\t\t\t<\/div>\n\t\t\t\t\t<\/div>\n\t\t<\/div>\n\t\t\t\t\t<\/div>\n\t\t<\/section>\n\t\t\t\t<section class=\"elementor-section elementor-top-section elementor-element elementor-element-d5ce2b2 elementor-section-boxed elementor-section-height-default elementor-section-height-default\" data-id=\"d5ce2b2\" data-element_type=\"section\" data-e-type=\"section\">\n\t\t\t\t\t\t<div class=\"elementor-container elementor-column-gap-default\">\n\t\t\t\t\t<div class=\"elementor-column elementor-col-50 elementor-top-column elementor-element elementor-element-8305ff7\" data-id=\"8305ff7\" data-element_type=\"column\" data-e-type=\"column\">\n\t\t\t<div class=\"elementor-widget-wrap elementor-element-populated\">\n\t\t\t\t\t\t<div class=\"elementor-element elementor-element-48711ab elementor-widget elementor-widget-heading\" data-id=\"48711ab\" data-element_type=\"widget\" data-e-type=\"widget\" data-widget_type=\"heading.default\">\n\t\t\t\t<div class=\"elementor-widget-container\">\n\t\t\t\t\t<h3 class=\"elementor-heading-title elementor-size-default\">Oportunidad de ahorrar dinero y respetar el medio ambiente<\/h3>\t\t\t\t<\/div>\n\t\t\t\t<\/div>\n\t\t\t\t<div class=\"elementor-element elementor-element-316e205 elementor-widget elementor-widget-text-editor\" data-id=\"316e205\" data-element_type=\"widget\" data-e-type=\"widget\" data-widget_type=\"text-editor.default\">\n\t\t\t\t<div class=\"elementor-widget-container\">\n\t\t\t\t\t\t\t\t\t<p>La eficiencia energ\u00e9tica no es solo una obligaci\u00f3n regulatoria, sino una oportunidad para inversores y propietarios. <strong> Reducir el consumo energ\u00e9tico ahorra directamente costes a corto y largo plazo<\/strong>, contribuyendo significativamente a la conservaci\u00f3n del medio ambiente. Adem\u00e1s, el usuario est\u00e1 protegido de fluctuaciones en los precios de la electricidad y, por tanto, obtiene independencia energ\u00e9tica.   <\/p><blockquote><p><em>\u00abReducir el consumo significa ahorrar costes y reducir las emisiones (GEI).\u00bb  <\/em><\/p><\/blockquote>\t\t\t\t\t\t\t\t<\/div>\n\t\t\t\t<\/div>\n\t\t\t\t<div class=\"elementor-element elementor-element-89900c4 elementor-widget elementor-widget-heading\" data-id=\"89900c4\" data-element_type=\"widget\" data-e-type=\"widget\" data-widget_type=\"heading.default\">\n\t\t\t\t<div class=\"elementor-widget-container\">\n\t\t\t\t\t<h3 class=\"elementor-heading-title elementor-size-default\">Ayuda p\u00fablica: promovida por la UE y el gobierno<\/h3>\t\t\t\t<\/div>\n\t\t\t\t<\/div>\n\t\t\t\t<div class=\"elementor-element elementor-element-36ee9e4 elementor-widget elementor-widget-text-editor\" data-id=\"36ee9e4\" data-element_type=\"widget\" data-e-type=\"widget\" data-widget_type=\"text-editor.default\">\n\t\t\t\t<div class=\"elementor-widget-container\">\n\t\t\t\t\t\t\t\t\t<p><span style=\"color: #000000;\"><span style=\"font-family: var( --e-global-typography-text-font-family ), Sans-serif; font-size: var( --e-global-typography-text-font-size ); font-weight: var( --e-global-typography-text-font-weight );\">Actualmente, la Uni\u00f3n Europea y Catalu\u00f1a ofrecen varias l\u00edneas de ayuda para promover <\/span><span style=\"font-family: var( --e-global-typography-text-font-family ), Sans-serif; font-size: var( --e-global-typography-text-font-size );\"><b>las comunidades energ\u00e9ticas <\/b>, principalmente con energ\u00eda solar <b>fotovoltaica, puntos de carga y ayuda en la renovaci\u00f3n de viviendas.<\/b><\/span><span style=\"font-family: var( --e-global-typography-text-font-family ), Sans-serif; font-size: var( --e-global-typography-text-font-size ); font-weight: var( --e-global-typography-text-font-weight );\"> Los instrumentos de pol\u00edtica p\u00fablica, que forman parte del conjunto de estrategias para acelerar la transici\u00f3n energ\u00e9tica, incluyen una lista de las principales ayudas y subvenciones, de las que destacamos las siguientes: <\/span> <\/span><\/p><ul><li><b>Reducci\u00f3n del IBI:<\/b> Muchos municipios ofrecen una deducci\u00f3n de hasta el 50% del Impuesto sobre la Propiedad durante hasta 5 a\u00f1os para promover la generaci\u00f3n de energ\u00eda renovable.  <\/li><li><b>Deducci\u00f3n del Impuesto sobre la Pr\u00f3xima Generaci\u00f3n y la Renta de las Personas Personales<\/b>: En Espa\u00f1a, la gesti\u00f3n de los fondos para la sostenibilidad y renovaci\u00f3n de viviendas se centra en el Plan de Recuperaci\u00f3n, Transformaci\u00f3n y Resiliencia (PRTR), con una inversi\u00f3n de 3.420 millones de euros. Adem\u00e1s de incentivar econ\u00f3micamente la renovaci\u00f3n residencial con fondos europeos, tambi\u00e9n existen iniciativas para poder deducir el IVA en la declaraci\u00f3n de la Renta de las Personas Personales.   <\/li><li><b>Programas de IDAE:<\/b> El Instituto Estatal para la Diversificaci\u00f3n y el Ahorro Energ\u00e9tico promueve comunidades energ\u00e9ticas, la rehabilitaci\u00f3n energ\u00e9tica de edificios antiguos y el desarrollo de proyectos de energ\u00edas renovables que priorizan a las personas con desigualdad energ\u00e9tica.  <\/li><\/ul><div> <\/div>\t\t\t\t\t\t\t\t<\/div>\n\t\t\t\t<\/div>\n\t\t\t\t\t<\/div>\n\t\t<\/div>\n\t\t\t\t<div class=\"elementor-column elementor-col-50 elementor-top-column elementor-element elementor-element-e88b8e8\" data-id=\"e88b8e8\" data-element_type=\"column\" data-e-type=\"column\" data-settings=\"{&quot;background_background&quot;:&quot;slideshow&quot;,&quot;background_slideshow_gallery&quot;:[{&quot;id&quot;:4082,&quot;url&quot;:&quot;https:\\\/\\\/envoltaglobal.com\\\/wp-content\\\/uploads\\\/2026\\\/06\\\/bcorp-image-scaled-1.jpg&quot;}],&quot;background_slideshow_loop&quot;:&quot;yes&quot;,&quot;background_slideshow_slide_duration&quot;:5000,&quot;background_slideshow_slide_transition&quot;:&quot;fade&quot;,&quot;background_slideshow_transition_duration&quot;:500}\">\n\t\t\t<div class=\"elementor-widget-wrap\">\n\t\t\t\t\t\t\t<\/div>\n\t\t<\/div>\n\t\t\t\t\t<\/div>\n\t\t<\/section>\n\t\t\t\t<section class=\"elementor-section elementor-top-section elementor-element elementor-element-9d9a0fc elementor-section-boxed elementor-section-height-default elementor-section-height-default\" data-id=\"9d9a0fc\" data-element_type=\"section\" data-e-type=\"section\">\n\t\t\t\t\t\t<div class=\"elementor-container elementor-column-gap-default\">\n\t\t\t\t\t<div class=\"elementor-column elementor-col-50 elementor-top-column elementor-element elementor-element-760d50d\" data-id=\"760d50d\" data-element_type=\"column\" data-e-type=\"column\" data-settings=\"{&quot;background_background&quot;:&quot;slideshow&quot;,&quot;background_slideshow_gallery&quot;:[{&quot;id&quot;:4083,&quot;url&quot;:&quot;https:\\\/\\\/envoltaglobal.com\\\/wp-content\\\/uploads\\\/2026\\\/06\\\/CASO-EXITO-1-scaled-1.jpeg&quot;}],&quot;background_slideshow_loop&quot;:&quot;yes&quot;,&quot;background_slideshow_slide_duration&quot;:5000,&quot;background_slideshow_slide_transition&quot;:&quot;fade&quot;,&quot;background_slideshow_transition_duration&quot;:500}\">\n\t\t\t<div class=\"elementor-widget-wrap\">\n\t\t\t\t\t\t\t<\/div>\n\t\t<\/div>\n\t\t\t\t<div class=\"elementor-column elementor-col-50 elementor-top-column elementor-element elementor-element-c375227\" data-id=\"c375227\" data-element_type=\"column\" data-e-type=\"column\">\n\t\t\t<div class=\"elementor-widget-wrap elementor-element-populated\">\n\t\t\t\t\t\t<div class=\"elementor-element elementor-element-864c168 elementor-widget elementor-widget-heading\" data-id=\"864c168\" data-element_type=\"widget\" data-e-type=\"widget\" data-widget_type=\"heading.default\">\n\t\t\t\t<div class=\"elementor-widget-container\">\n\t\t\t\t\t<h3 class=\"elementor-heading-title elementor-size-default\">Rehabilitaci\u00f3n, un evento de inversi\u00f3n sostenible y rentable<\/h3>\t\t\t\t<\/div>\n\t\t\t\t<\/div>\n\t\t\t\t<div class=\"elementor-element elementor-element-6fe178c elementor-widget__width-initial elementor-widget elementor-widget-text-editor\" data-id=\"6fe178c\" data-element_type=\"widget\" data-e-type=\"widget\" data-widget_type=\"text-editor.default\">\n\t\t\t\t<div class=\"elementor-widget-container\">\n\t\t\t\t\t\t\t\t\t<p><span style=\"font-family: var( --e-global-typography-text-font-family ), Sans-serif; font-size: var( --e-global-typography-text-font-size ); font-weight: var( --e-global-typography-text-font-weight );\">Medidas como mejorar el aislamiento t\u00e9rmico o integrar energ\u00edas limpias no solo ayudan a afrontar los <\/span><span style=\"font-family: var( --e-global-typography-text-font-family ), Sans-serif; font-size: var( --e-global-typography-text-font-size );\"><b>retos de descarbonizaci\u00f3n del<\/b><\/span><span style=\"font-family: var( --e-global-typography-text-font-family ), Sans-serif; font-size: var( --e-global-typography-text-font-size );\"><b>sector inmobiliario<\/b><\/span><span style=\"font-family: var( --e-global-typography-text-font-family ), Sans-serif; font-size: var( --e-global-typography-text-font-size ); font-weight: var( --e-global-typography-text-font-weight );\">, sino que tambi\u00e9n son una inversi\u00f3n muy rentable. La mejora en la<\/span> <span style=\"font-family: var( --e-global-typography-text-font-family ), Sans-serif; font-size: var( --e-global-typography-text-font-size );\"><b>eficiencia energ\u00e9tica<\/b><\/span><span style=\"font-family: var( --e-global-typography-text-font-family ), Sans-serif; font-size: var( --e-global-typography-text-font-size ); font-weight: var( --e-global-typography-text-font-weight );\"> se refleja directamente en el aumento del valor de los bienes inmuebles. En resumen, esta pr\u00e1ctica genera un retorno econ\u00f3mico y medioambiental positivo. <\/span> <\/p><p>Desde una perspectiva energ\u00e9tica, las viviendas construidas entre 1979 y 2006 se consideran ineficientes. Seg\u00fan un estudio sobre la certificaci\u00f3n de viviendas,<b> el 82% de los edificios existentes<\/b> en Espa\u00f1a est\u00e1n en las letras E, F y G, las letras m\u00e1s bajas en la certificaci\u00f3n energ\u00e9tica. Esto implica que la mayor\u00eda de las viviendas tienen una eficiencia energ\u00e9tica muy baja y, como consecuencia, una alta dependencia de los combustibles f\u00f3siles, principalmente para calefacci\u00f3n y agua caliente dom\u00e9stica, as\u00ed como altos costes econ\u00f3micos relacionados con la energ\u00eda.    <\/p><blockquote><p><em>\u00abAbordar la eficiencia en los edificios es clave para la sostenibilidad de las ciudades\u00bb.  <span style=\"color: var( --e-global-color-primary ); font-family: var( --e-global-typography-text-font-family ), Sans-serif; font-size: var( --e-global-typography-text-font-size ); font-weight: var( --e-global-typography-text-font-weight );\"> <\/span><\/em><\/p><\/blockquote>\t\t\t\t\t\t\t\t<\/div>\n\t\t\t\t<\/div>\n\t\t\t\t<div class=\"elementor-element elementor-element-290e238 elementor-widget elementor-widget-heading\" data-id=\"290e238\" data-element_type=\"widget\" data-e-type=\"widget\" data-widget_type=\"heading.default\">\n\t\t\t\t<div class=\"elementor-widget-container\">\n\t\t\t\t\t<h3 class=\"elementor-heading-title elementor-size-default\">Apoyo integral en la rehabilitaci\u00f3n de viviendas y transversalidad.<\/h3>\t\t\t\t<\/div>\n\t\t\t\t<\/div>\n\t\t\t\t<div class=\"elementor-element elementor-element-c202b9d elementor-widget__width-initial elementor-widget elementor-widget-text-editor\" data-id=\"c202b9d\" data-element_type=\"widget\" data-e-type=\"widget\" data-widget_type=\"text-editor.default\">\n\t\t\t\t<div class=\"elementor-widget-container\">\n\t\t\t\t\t\t\t\t\t<p>Existen componentes transversales que gu\u00edan y apoyan el proceso de rehabilitaci\u00f3n energ\u00e9tica. Estos incluyen entidades, organizaciones e instrumentos de planificaci\u00f3n a lo largo de toda la cadena de valor. Estas entidades desempe\u00f1an funciones colaborativas en la ejecuci\u00f3n de la rehabilitaci\u00f3n, as\u00ed como funciones de observaci\u00f3n en el an\u00e1lisis y la investigaci\u00f3n. Esta transversalidad es esencial para una transici\u00f3n energ\u00e9tica acelerada.     <\/p><ul><li><b>Entidades de planificaci\u00f3n<\/b>: Incluyen instrumentos como los Objetivos de Desarrollo Sostenible (ODS), el Plan Nacional Integrado de Energ\u00eda y Clima (PNIEC) y las \u00c1reas Energ\u00e9ticas Urbanas (AUE), junto con ejemplos de an\u00e1lisis social, cultural, urbano y arquitect\u00f3nico.  <\/li><li><b>Entidades de financiaci\u00f3n<\/b>: Agrupan instancias e instrumentos tanto de financiaci\u00f3n p\u00fablica como privada.<\/li><li><b>Recursos Humanos:<\/b> Incluir\u00e1n sindicatos, centros de formaci\u00f3n y entidades gubernamentales relacionadas con el empleo.  <\/li><li><b>Desarrollo tecnol\u00f3gico<\/b>: Incluye laboratorios de materiales, centros de investigaci\u00f3n (R+D+i) y universidades.  <\/li><li><b>Medio ambiente y energ\u00eda:<\/b> Incorporan entidades centradas en la sostenibilidad ambiental, la energ\u00eda y la prevenci\u00f3n del calentamiento global, como centros de estudio, organismos gubernamentales y ONG.  <\/li><\/ul>\t\t\t\t\t\t\t\t<\/div>\n\t\t\t\t<\/div>\n\t\t\t\t\t<\/div>\n\t\t<\/div>\n\t\t\t\t\t<\/div>\n\t\t<\/section>\n\t\t\t\t<section class=\"elementor-section elementor-top-section elementor-element elementor-element-c87f36d elementor-section-boxed elementor-section-height-default elementor-section-height-default\" data-id=\"c87f36d\" data-element_type=\"section\" data-e-type=\"section\">\n\t\t\t\t\t\t<div class=\"elementor-container elementor-column-gap-default\">\n\t\t\t\t\t<div class=\"elementor-column elementor-col-100 elementor-top-column elementor-element elementor-element-14df6f8\" data-id=\"14df6f8\" data-element_type=\"column\" data-e-type=\"column\">\n\t\t\t<div class=\"elementor-widget-wrap elementor-element-populated\">\n\t\t\t\t\t\t<div class=\"elementor-element elementor-element-e841d93 elementor-widget elementor-widget-heading\" data-id=\"e841d93\" data-element_type=\"widget\" data-e-type=\"widget\" data-widget_type=\"heading.default\">\n\t\t\t\t<div class=\"elementor-widget-container\">\n\t\t\t\t\t<h3 class=\"elementor-heading-title elementor-size-default\">Compromiso claro con los Objetivos de Desarrollo Sostenible.<\/h3>\t\t\t\t<\/div>\n\t\t\t\t<\/div>\n\t\t\t\t<div class=\"elementor-element elementor-element-6d72d04 elementor-widget elementor-widget-text-editor\" data-id=\"6d72d04\" data-element_type=\"widget\" data-e-type=\"widget\" data-widget_type=\"text-editor.default\">\n\t\t\t\t<div class=\"elementor-widget-container\">\n\t\t\t\t\t\t\t\t\t<p> <\/p><p>La sostenibilidad en la vivienda residencial no es solo una respuesta a las regulaciones, sino una aspiraci\u00f3n colectiva hacia un futuro m\u00e1s saludable, verde y habitable. Juntos avanzamos hacia un futuro en el que los edificios, la infraestructura y la vivienda contribuyan a la construcci\u00f3n de comunidades sostenibles y pr\u00f3speras. La <b>Agenda 2030 para el Desarrollo Sostenible<\/b>, apoyada por 193 pa\u00edses, representa un compromiso global para abordar los desaf\u00edos sociales, econ\u00f3micos y medioambientales. En Espa\u00f1a, el Gobierno adopta estos objetivos como principios centrales, dando relevancia a la Estrategia de Desarrollo Sostenible 2030, aprobada en junio de 2021. En este contexto, el enfoque en la renovaci\u00f3n de edificios, alineado con el ODS 11, busca promover ciudades sostenibles e inclusivas.      <\/p><p> <\/p><p>La Uni\u00f3n Europea (UE) adopta ampliamente los ejes de desarrollo de la Agenda 2030, aplic\u00e1ndolos a las pol\u00edticas p\u00fablicas continentales y orientando a los 27 pa\u00edses miembros hacia estos objetivos. En el contexto de este informe, destacamos objetivos espec\u00edficos relacionados con <strong>la renovaci\u00f3n energ\u00e9tica<\/strong>. La renovaci\u00f3n de edificios surge como un elemento clave para abordar <strong>los desaf\u00edos econ\u00f3micos, sociales y medioambientales<\/strong>:    <\/p><p> <\/p><ul><li><i><b>Objetivo 8:<\/b> Promover un crecimiento econ\u00f3mico sostenible y el empleo productivo, haciendo hincapi\u00e9 en la inversi\u00f3n en recursos humanos y t\u00e9cnicos que impulsen un crecimiento econ\u00f3mico m\u00e1s sostenible.  <\/i><\/li><li><i><b>Objetivo n\u00ba 9:<\/b> Construir infraestructuras resilientes, promover una industrializaci\u00f3n sostenible y fomentar la innovaci\u00f3n, con el desarrollo de procesos industrializados para facilitar el acceso a la vivienda, el uso de materiales locales y el desarrollo de herramientas innovadoras.  <\/i><\/li><li><i><b>Objetivo n\u00ba 11: <\/b>Hacer que las ciudades sean inclusivas, seguras, resilientes y sostenibles, con un enfoque en una vivienda asequible y saludable, una planificaci\u00f3n inclusiva y la renovaci\u00f3n de viviendas para un entorno urbano m\u00e1s sostenible.  <\/i><\/li><li><i><b>Objetivo n\u00ba 12: <\/b>Garantizar patrones de consumo y producci\u00f3n sostenibles, con \u00e9nfasis en el dise\u00f1o de edificios que aumenten su vida \u00fatil, la reutilizaci\u00f3n de materiales y el desarrollo de soluciones que reduzcan el uso de productos no renovables.  <\/i><\/li><li><i><b>Objetivo n\u00ba 13<\/b>: Adoptar medidas urgentes para combatir el cambio clim\u00e1tico, destacando la integraci\u00f3n de energ\u00edas renovables, el uso de materiales locales y renovables, y el dise\u00f1o eficiente de los edificios para reducir la demanda energ\u00e9tica.  <\/i><\/li><li><i><b>Objetivo n\u00ba 17:<\/b> Fortalecer los medios de implementaci\u00f3n y revitalizar la Alianza Global para el Desarrollo Sostenible, con \u00e9nfasis en la construcci\u00f3n de alianzas para avanzar en estos objetivos mediante la colaboraci\u00f3n entre la industria y el sector privado.  <\/i><\/li><\/ul>\t\t\t\t\t\t\t\t<\/div>\n\t\t\t\t<\/div>\n\t\t\t\t<div class=\"elementor-element elementor-element-8a867c3 elementor-widget elementor-widget-image\" data-id=\"8a867c3\" data-element_type=\"widget\" data-e-type=\"widget\" data-widget_type=\"image.default\">\n\t\t\t\t<div class=\"elementor-widget-container\">\n\t\t\t\t\t\t\t\t\t\t\t\t\t\t\t<img fetchpriority=\"high\" decoding=\"async\" width=\"800\" height=\"588\" src=\"https:\/\/envoltaglobal.com\/wp-content\/uploads\/2026\/06\/ods-immobiliaria-1024x753.jpg\" class=\"attachment-large size-large wp-image-4084\" alt=\"\" srcset=\"https:\/\/envoltaglobal.com\/wp-content\/uploads\/2026\/06\/ods-immobiliaria-1024x753.jpg 1024w, https:\/\/envoltaglobal.com\/wp-content\/uploads\/2026\/06\/ods-immobiliaria-300x221.jpg 300w, https:\/\/envoltaglobal.com\/wp-content\/uploads\/2026\/06\/ods-immobiliaria-768x565.jpg 768w, https:\/\/envoltaglobal.com\/wp-content\/uploads\/2026\/06\/ods-immobiliaria-180x132.jpg 180w, https:\/\/envoltaglobal.com\/wp-content\/uploads\/2026\/06\/ods-immobiliaria-360x265.jpg 360w, https:\/\/envoltaglobal.com\/wp-content\/uploads\/2026\/06\/ods-immobiliaria-640x471.jpg 640w, https:\/\/envoltaglobal.com\/wp-content\/uploads\/2026\/06\/ods-immobiliaria.jpg 1063w\" sizes=\"(max-width: 800px) 100vw, 800px\" \/>\t\t\t\t\t\t\t\t\t\t\t\t\t\t\t<\/div>\n\t\t\t\t<\/div>\n\t\t\t\t\t<\/div>\n\t\t<\/div>\n\t\t\t\t\t<\/div>\n\t\t<\/section>\n\t\t\t\t<section class=\"elementor-section elementor-top-section elementor-element elementor-element-4474b2a elementor-section-boxed elementor-section-height-default elementor-section-height-default\" data-id=\"4474b2a\" data-element_type=\"section\" data-e-type=\"section\">\n\t\t\t\t\t\t<div class=\"elementor-container elementor-column-gap-default\">\n\t\t\t\t\t<div class=\"elementor-column elementor-col-100 elementor-top-column elementor-element elementor-element-c64c493\" data-id=\"c64c493\" data-element_type=\"column\" data-e-type=\"column\">\n\t\t\t<div class=\"elementor-widget-wrap elementor-element-populated\">\n\t\t\t\t\t\t<div class=\"elementor-element elementor-element-e4a7683 elementor-widget elementor-widget-heading\" data-id=\"e4a7683\" data-element_type=\"widget\" data-e-type=\"widget\" data-widget_type=\"heading.default\">\n\t\t\t\t<div class=\"elementor-widget-container\">\n\t\t\t\t\t<h3 class=\"elementor-heading-title elementor-size-default\">Con ENVOLTA ENERGIA, para rehabilitaci\u00f3n energ\u00e9tica...<\/h3>\t\t\t\t<\/div>\n\t\t\t\t<\/div>\n\t\t\t\t<div class=\"elementor-element elementor-element-f64df36 elementor-widget elementor-widget-text-editor\" data-id=\"f64df36\" data-element_type=\"widget\" data-e-type=\"widget\" data-widget_type=\"text-editor.default\">\n\t\t\t\t<div class=\"elementor-widget-container\">\n\t\t\t\t\t\t\t\t\t<p> <\/p><p>Las iniciativas de renovaci\u00f3n de viviendas son clave para mitigar los efectos del cambio clim\u00e1tico y contribuir a la neutralidad clim\u00e1tica europea para 2050. La ayuda p\u00fablica de la UE, los gobiernos regionales y los ayuntamientos ofrece un marco propicio para la sostenibilidad, con incentivos significativos para proyectos de eficiencia energ\u00e9tica y renovaci\u00f3n. La renovaci\u00f3n no solo mejora la calidad de vida y reduce el consumo energ\u00e9tico, sino que tambi\u00e9n aporta un valor econ\u00f3mico y medioambiental positivo a las propiedades.    <\/p><p> <\/p><p>Para m\u00e1s informaci\u00f3n sobre c\u00f3mo mejorar <b>la eficiencia energ\u00e9tica e incorporar energ\u00edas renovables <\/b>en tu hogar, contacta con Envolta Energia, facilitadores de soluciones sostenibles para comunidades de propietarios, hogares o empresas.  <\/p>\t\t\t\t\t\t\t\t<\/div>\n\t\t\t\t<\/div>\n\t\t\t\t\t<\/div>\n\t\t<\/div>\n\t\t\t\t\t<\/div>\n\t\t<\/section>\n\t\t\t\t<\/div>\n\t\t","protected":false},"excerpt":{"rendered":"<p>Las ciudades son fundamentales en la lucha contra el cambio clim\u00e1tico. Son responsables del 70% de las emisiones globales y ocupan solo el 3% de la superficie terrestre.   <\/p>\n","protected":false},"author":2,"featured_media":4081,"comment_status":"closed","ping_status":"closed","sticky":false,"template":"","format":"standard","meta":{"_acf_changed":false,"inline_featured_image":false,"footnotes":""},"categories":[55],"tags":[],"class_list":["post-4076","post","type-post","status-publish","format-standard","has-post-thumbnail","hentry","category-energia"],"acf":[],"yoast_head":"<!-- This site is optimized with the Yoast SEO plugin v28.1 - https:\/\/yoast.com\/product\/yoast-seo-wordpress\/ -->\n<title>\u25b7Renovaci\u00f3n energ\u00e9tica: una oportunidad de inversi\u00f3n rentable y sostenible - \u3010 Envolta Global \u3011<\/title>\n<meta name=\"description\" content=\"Las ciudades son fundamentales en la lucha contra el cambio clim\u00e1tico. Son responsables del 70% de las emisiones globales y ocupan solo el 3% de la superficie terrestre. \u2713\" \/>\n<meta name=\"robots\" content=\"index, follow, max-snippet:-1, max-image-preview:large, max-video-preview:-1\" \/>\n<link rel=\"canonical\" href=\"https:\/\/envoltaglobal.com\/es\/energia\/renovacion-energetica-una-oportunidad-de-inversion-rentable-y-sostenible\/\" \/>\n<meta property=\"og:locale\" content=\"es_ES\" \/>\n<meta property=\"og:type\" content=\"article\" \/>\n<meta property=\"og:title\" content=\"\u25b7Renovaci\u00f3n energ\u00e9tica: una oportunidad de inversi\u00f3n rentable y sostenible - \u3010 Envolta Global \u3011\" \/>\n<meta property=\"og:description\" content=\"Las ciudades son fundamentales en la lucha contra el cambio clim\u00e1tico. Son responsables del 70% de las emisiones globales y ocupan solo el 3% de la superficie terrestre. \u2713\" \/>\n<meta property=\"og:url\" content=\"https:\/\/envoltaglobal.com\/es\/energia\/renovacion-energetica-una-oportunidad-de-inversion-rentable-y-sostenible\/\" \/>\n<meta property=\"og:site_name\" content=\"Envolta Global\" \/>\n<meta property=\"article:published_time\" content=\"2023-11-16T13:15:38+00:00\" \/>\n<meta property=\"article:modified_time\" content=\"2026-08-11T11:54:16+00:00\" \/>\n<meta property=\"og:image\" content=\"https:\/\/envoltaglobal.com\/wp-content\/uploads\/2026\/06\/light-1283795_1280.jpg\" \/>\n\t<meta property=\"og:image:width\" content=\"1280\" \/>\n\t<meta property=\"og:image:height\" content=\"853\" \/>\n\t<meta property=\"og:image:type\" content=\"image\/jpeg\" \/>\n<meta name=\"author\" content=\"wwwarcelona Dev user\" \/>\n<meta name=\"twitter:card\" content=\"summary_large_image\" \/>\n<meta name=\"twitter:label1\" content=\"Escrito por\" \/>\n\t<meta name=\"twitter:data1\" content=\"wwwarcelona Dev user\" \/>\n\t<meta name=\"twitter:label2\" content=\"Tiempo de lectura\" \/>\n\t<meta name=\"twitter:data2\" content=\"8 minutos\" \/>\n<script type=\"application\/ld+json\" class=\"yoast-schema-graph\">{\"@context\":\"https:\\\/\\\/schema.org\",\"@graph\":[{\"@type\":\"Article\",\"@id\":\"https:\\\/\\\/envoltaglobal.com\\\/es\\\/energia\\\/renovacion-energetica-una-oportunidad-de-inversion-rentable-y-sostenible\\\/#article\",\"isPartOf\":{\"@id\":\"https:\\\/\\\/envoltaglobal.com\\\/es\\\/energia\\\/renovacion-energetica-una-oportunidad-de-inversion-rentable-y-sostenible\\\/\"},\"author\":{\"name\":\"wwwarcelona Dev user\",\"@id\":\"https:\\\/\\\/envoltaglobal.com\\\/es\\\/#\\\/schema\\\/person\\\/cf24f1946a9c88bc41aea5d46c7db891\"},\"headline\":\"Renovaci\u00f3n energ\u00e9tica: una oportunidad de inversi\u00f3n rentable y sostenible\",\"datePublished\":\"2023-11-16T13:15:38+00:00\",\"dateModified\":\"2026-08-11T11:54:16+00:00\",\"mainEntityOfPage\":{\"@id\":\"https:\\\/\\\/envoltaglobal.com\\\/es\\\/energia\\\/renovacion-energetica-una-oportunidad-de-inversion-rentable-y-sostenible\\\/\"},\"wordCount\":1683,\"publisher\":{\"@id\":\"https:\\\/\\\/envoltaglobal.com\\\/es\\\/#organization\"},\"image\":{\"@id\":\"https:\\\/\\\/envoltaglobal.com\\\/es\\\/energia\\\/renovacion-energetica-una-oportunidad-de-inversion-rentable-y-sostenible\\\/#primaryimage\"},\"thumbnailUrl\":\"https:\\\/\\\/envoltaglobal.com\\\/wp-content\\\/uploads\\\/2026\\\/06\\\/light-1283795_1280.jpg\",\"articleSection\":[\"Energ\u00eda\"],\"inLanguage\":\"es\"},{\"@type\":\"WebPage\",\"@id\":\"https:\\\/\\\/envoltaglobal.com\\\/es\\\/energia\\\/renovacion-energetica-una-oportunidad-de-inversion-rentable-y-sostenible\\\/\",\"url\":\"https:\\\/\\\/envoltaglobal.com\\\/es\\\/energia\\\/renovacion-energetica-una-oportunidad-de-inversion-rentable-y-sostenible\\\/\",\"name\":\"\u25b7Renovaci\u00f3n energ\u00e9tica: una oportunidad de inversi\u00f3n rentable y sostenible - \u3010 Envolta Global \u3011\",\"isPartOf\":{\"@id\":\"https:\\\/\\\/envoltaglobal.com\\\/es\\\/#website\"},\"primaryImageOfPage\":{\"@id\":\"https:\\\/\\\/envoltaglobal.com\\\/es\\\/energia\\\/renovacion-energetica-una-oportunidad-de-inversion-rentable-y-sostenible\\\/#primaryimage\"},\"image\":{\"@id\":\"https:\\\/\\\/envoltaglobal.com\\\/es\\\/energia\\\/renovacion-energetica-una-oportunidad-de-inversion-rentable-y-sostenible\\\/#primaryimage\"},\"thumbnailUrl\":\"https:\\\/\\\/envoltaglobal.com\\\/wp-content\\\/uploads\\\/2026\\\/06\\\/light-1283795_1280.jpg\",\"datePublished\":\"2023-11-16T13:15:38+00:00\",\"dateModified\":\"2026-08-11T11:54:16+00:00\",\"description\":\"Las ciudades son fundamentales en la lucha contra el cambio clim\u00e1tico. Son responsables del 70% de las emisiones globales y ocupan solo el 3% de la superficie terrestre. \u2713\",\"breadcrumb\":{\"@id\":\"https:\\\/\\\/envoltaglobal.com\\\/es\\\/energia\\\/renovacion-energetica-una-oportunidad-de-inversion-rentable-y-sostenible\\\/#breadcrumb\"},\"inLanguage\":\"es\",\"potentialAction\":[{\"@type\":\"ReadAction\",\"target\":[\"https:\\\/\\\/envoltaglobal.com\\\/es\\\/energia\\\/renovacion-energetica-una-oportunidad-de-inversion-rentable-y-sostenible\\\/\"]}]},{\"@type\":\"ImageObject\",\"inLanguage\":\"es\",\"@id\":\"https:\\\/\\\/envoltaglobal.com\\\/es\\\/energia\\\/renovacion-energetica-una-oportunidad-de-inversion-rentable-y-sostenible\\\/#primaryimage\",\"url\":\"https:\\\/\\\/envoltaglobal.com\\\/wp-content\\\/uploads\\\/2026\\\/06\\\/light-1283795_1280.jpg\",\"contentUrl\":\"https:\\\/\\\/envoltaglobal.com\\\/wp-content\\\/uploads\\\/2026\\\/06\\\/light-1283795_1280.jpg\",\"width\":1280,\"height\":853},{\"@type\":\"BreadcrumbList\",\"@id\":\"https:\\\/\\\/envoltaglobal.com\\\/es\\\/energia\\\/renovacion-energetica-una-oportunidad-de-inversion-rentable-y-sostenible\\\/#breadcrumb\",\"itemListElement\":[{\"@type\":\"ListItem\",\"position\":1,\"name\":\"Portada\",\"item\":\"https:\\\/\\\/envoltaglobal.com\\\/es\\\/hombre\\\/\"},{\"@type\":\"ListItem\",\"position\":2,\"name\":\"Renovaci\u00f3n energ\u00e9tica: una oportunidad de inversi\u00f3n rentable y sostenible\"}]},{\"@type\":\"WebSite\",\"@id\":\"https:\\\/\\\/envoltaglobal.com\\\/es\\\/#website\",\"url\":\"https:\\\/\\\/envoltaglobal.com\\\/es\\\/\",\"name\":\"Envolta Global\",\"description\":\"Envolta\",\"publisher\":{\"@id\":\"https:\\\/\\\/envoltaglobal.com\\\/es\\\/#organization\"},\"potentialAction\":[{\"@type\":\"SearchAction\",\"target\":{\"@type\":\"EntryPoint\",\"urlTemplate\":\"https:\\\/\\\/envoltaglobal.com\\\/es\\\/?s={search_term_string}\"},\"query-input\":{\"@type\":\"PropertyValueSpecification\",\"valueRequired\":true,\"valueName\":\"search_term_string\"}}],\"inLanguage\":\"es\"},{\"@type\":\"Organization\",\"@id\":\"https:\\\/\\\/envoltaglobal.com\\\/es\\\/#organization\",\"name\":\"Envolta Global\",\"url\":\"https:\\\/\\\/envoltaglobal.com\\\/es\\\/\",\"logo\":{\"@type\":\"ImageObject\",\"inLanguage\":\"es\",\"@id\":\"https:\\\/\\\/envoltaglobal.com\\\/es\\\/#\\\/schema\\\/logo\\\/image\\\/\",\"url\":\"https:\\\/\\\/envoltaglobal.com\\\/wp-content\\\/uploads\\\/2026\\\/06\\\/cropped-Envolta_energia-logo.png\",\"contentUrl\":\"https:\\\/\\\/envoltaglobal.com\\\/wp-content\\\/uploads\\\/2026\\\/06\\\/cropped-Envolta_energia-logo.png\",\"width\":1257,\"height\":198,\"caption\":\"Envolta Global\"},\"image\":{\"@id\":\"https:\\\/\\\/envoltaglobal.com\\\/es\\\/#\\\/schema\\\/logo\\\/image\\\/\"}},{\"@type\":\"Person\",\"@id\":\"https:\\\/\\\/envoltaglobal.com\\\/es\\\/#\\\/schema\\\/person\\\/cf24f1946a9c88bc41aea5d46c7db891\",\"name\":\"wwwarcelona Dev user\",\"image\":{\"@type\":\"ImageObject\",\"inLanguage\":\"es\",\"@id\":\"https:\\\/\\\/secure.gravatar.com\\\/avatar\\\/0c6819356538849544fe79abd31afb6f42861bbb96368a1f2151f9a226524dcd?s=96&d=mm&r=g\",\"url\":\"https:\\\/\\\/secure.gravatar.com\\\/avatar\\\/0c6819356538849544fe79abd31afb6f42861bbb96368a1f2151f9a226524dcd?s=96&d=mm&r=g\",\"contentUrl\":\"https:\\\/\\\/secure.gravatar.com\\\/avatar\\\/0c6819356538849544fe79abd31afb6f42861bbb96368a1f2151f9a226524dcd?s=96&d=mm&r=g\",\"caption\":\"wwwarcelona Dev user\"}}]}<\/script>\n<!-- \/ Yoast SEO plugin. -->","yoast_head_json":{"title":"\u25b7Renovaci\u00f3n energ\u00e9tica: una oportunidad de inversi\u00f3n rentable y sostenible - \u3010 Envolta Global \u3011","description":"Las ciudades son fundamentales en la lucha contra el cambio clim\u00e1tico. Son responsables del 70% de las emisiones globales y ocupan solo el 3% de la superficie terrestre. \u2713","robots":{"index":"index","follow":"follow","max-snippet":"max-snippet:-1","max-image-preview":"max-image-preview:large","max-video-preview":"max-video-preview:-1"},"canonical":"https:\/\/envoltaglobal.com\/es\/energia\/renovacion-energetica-una-oportunidad-de-inversion-rentable-y-sostenible\/","og_locale":"es_ES","og_type":"article","og_title":"\u25b7Renovaci\u00f3n energ\u00e9tica: una oportunidad de inversi\u00f3n rentable y sostenible - \u3010 Envolta Global \u3011","og_description":"Las ciudades son fundamentales en la lucha contra el cambio clim\u00e1tico. Son responsables del 70% de las emisiones globales y ocupan solo el 3% de la superficie terrestre. \u2713","og_url":"https:\/\/envoltaglobal.com\/es\/energia\/renovacion-energetica-una-oportunidad-de-inversion-rentable-y-sostenible\/","og_site_name":"Envolta Global","article_published_time":"2023-11-16T13:15:38+00:00","article_modified_time":"2026-08-11T11:54:16+00:00","og_image":[{"width":1280,"height":853,"url":"https:\/\/envoltaglobal.com\/wp-content\/uploads\/2026\/06\/light-1283795_1280.jpg","type":"image\/jpeg"}],"author":"wwwarcelona Dev user","twitter_card":"summary_large_image","twitter_misc":{"Escrito por":"wwwarcelona Dev user","Tiempo de lectura":"8 minutos"},"schema":{"@context":"https:\/\/schema.org","@graph":[{"@type":"Article","@id":"https:\/\/envoltaglobal.com\/es\/energia\/renovacion-energetica-una-oportunidad-de-inversion-rentable-y-sostenible\/#article","isPartOf":{"@id":"https:\/\/envoltaglobal.com\/es\/energia\/renovacion-energetica-una-oportunidad-de-inversion-rentable-y-sostenible\/"},"author":{"name":"wwwarcelona Dev user","@id":"https:\/\/envoltaglobal.com\/es\/#\/schema\/person\/cf24f1946a9c88bc41aea5d46c7db891"},"headline":"Renovaci\u00f3n energ\u00e9tica: una oportunidad de inversi\u00f3n rentable y sostenible","datePublished":"2023-11-16T13:15:38+00:00","dateModified":"2026-08-11T11:54:16+00:00","mainEntityOfPage":{"@id":"https:\/\/envoltaglobal.com\/es\/energia\/renovacion-energetica-una-oportunidad-de-inversion-rentable-y-sostenible\/"},"wordCount":1683,"publisher":{"@id":"https:\/\/envoltaglobal.com\/es\/#organization"},"image":{"@id":"https:\/\/envoltaglobal.com\/es\/energia\/renovacion-energetica-una-oportunidad-de-inversion-rentable-y-sostenible\/#primaryimage"},"thumbnailUrl":"https:\/\/envoltaglobal.com\/wp-content\/uploads\/2026\/06\/light-1283795_1280.jpg","articleSection":["Energ\u00eda"],"inLanguage":"es"},{"@type":"WebPage","@id":"https:\/\/envoltaglobal.com\/es\/energia\/renovacion-energetica-una-oportunidad-de-inversion-rentable-y-sostenible\/","url":"https:\/\/envoltaglobal.com\/es\/energia\/renovacion-energetica-una-oportunidad-de-inversion-rentable-y-sostenible\/","name":"\u25b7Renovaci\u00f3n energ\u00e9tica: una oportunidad de inversi\u00f3n rentable y sostenible - \u3010 Envolta Global \u3011","isPartOf":{"@id":"https:\/\/envoltaglobal.com\/es\/#website"},"primaryImageOfPage":{"@id":"https:\/\/envoltaglobal.com\/es\/energia\/renovacion-energetica-una-oportunidad-de-inversion-rentable-y-sostenible\/#primaryimage"},"image":{"@id":"https:\/\/envoltaglobal.com\/es\/energia\/renovacion-energetica-una-oportunidad-de-inversion-rentable-y-sostenible\/#primaryimage"},"thumbnailUrl":"https:\/\/envoltaglobal.com\/wp-content\/uploads\/2026\/06\/light-1283795_1280.jpg","datePublished":"2023-11-16T13:15:38+00:00","dateModified":"2026-08-11T11:54:16+00:00","description":"Las ciudades son fundamentales en la lucha contra el cambio clim\u00e1tico. Son responsables del 70% de las emisiones globales y ocupan solo el 3% de la superficie terrestre. \u2713","breadcrumb":{"@id":"https:\/\/envoltaglobal.com\/es\/energia\/renovacion-energetica-una-oportunidad-de-inversion-rentable-y-sostenible\/#breadcrumb"},"inLanguage":"es","potentialAction":[{"@type":"ReadAction","target":["https:\/\/envoltaglobal.com\/es\/energia\/renovacion-energetica-una-oportunidad-de-inversion-rentable-y-sostenible\/"]}]},{"@type":"ImageObject","inLanguage":"es","@id":"https:\/\/envoltaglobal.com\/es\/energia\/renovacion-energetica-una-oportunidad-de-inversion-rentable-y-sostenible\/#primaryimage","url":"https:\/\/envoltaglobal.com\/wp-content\/uploads\/2026\/06\/light-1283795_1280.jpg","contentUrl":"https:\/\/envoltaglobal.com\/wp-content\/uploads\/2026\/06\/light-1283795_1280.jpg","width":1280,"height":853},{"@type":"BreadcrumbList","@id":"https:\/\/envoltaglobal.com\/es\/energia\/renovacion-energetica-una-oportunidad-de-inversion-rentable-y-sostenible\/#breadcrumb","itemListElement":[{"@type":"ListItem","position":1,"name":"Portada","item":"https:\/\/envoltaglobal.com\/es\/hombre\/"},{"@type":"ListItem","position":2,"name":"Renovaci\u00f3n energ\u00e9tica: una oportunidad de inversi\u00f3n rentable y sostenible"}]},{"@type":"WebSite","@id":"https:\/\/envoltaglobal.com\/es\/#website","url":"https:\/\/envoltaglobal.com\/es\/","name":"Envolta Global","description":"Envolta","publisher":{"@id":"https:\/\/envoltaglobal.com\/es\/#organization"},"potentialAction":[{"@type":"SearchAction","target":{"@type":"EntryPoint","urlTemplate":"https:\/\/envoltaglobal.com\/es\/?s={search_term_string}"},"query-input":{"@type":"PropertyValueSpecification","valueRequired":true,"valueName":"search_term_string"}}],"inLanguage":"es"},{"@type":"Organization","@id":"https:\/\/envoltaglobal.com\/es\/#organization","name":"Envolta Global","url":"https:\/\/envoltaglobal.com\/es\/","logo":{"@type":"ImageObject","inLanguage":"es","@id":"https:\/\/envoltaglobal.com\/es\/#\/schema\/logo\/image\/","url":"https:\/\/envoltaglobal.com\/wp-content\/uploads\/2026\/06\/cropped-Envolta_energia-logo.png","contentUrl":"https:\/\/envoltaglobal.com\/wp-content\/uploads\/2026\/06\/cropped-Envolta_energia-logo.png","width":1257,"height":198,"caption":"Envolta Global"},"image":{"@id":"https:\/\/envoltaglobal.com\/es\/#\/schema\/logo\/image\/"}},{"@type":"Person","@id":"https:\/\/envoltaglobal.com\/es\/#\/schema\/person\/cf24f1946a9c88bc41aea5d46c7db891","name":"wwwarcelona Dev user","image":{"@type":"ImageObject","inLanguage":"es","@id":"https:\/\/secure.gravatar.com\/avatar\/0c6819356538849544fe79abd31afb6f42861bbb96368a1f2151f9a226524dcd?s=96&d=mm&r=g","url":"https:\/\/secure.gravatar.com\/avatar\/0c6819356538849544fe79abd31afb6f42861bbb96368a1f2151f9a226524dcd?s=96&d=mm&r=g","contentUrl":"https:\/\/secure.gravatar.com\/avatar\/0c6819356538849544fe79abd31afb6f42861bbb96368a1f2151f9a226524dcd?s=96&d=mm&r=g","caption":"wwwarcelona Dev user"}}]}},"_links":{"self":[{"href":"https:\/\/envoltaglobal.com\/es\/wp-json\/wp\/v2\/posts\/4076","targetHints":{"allow":["GET"]}}],"collection":[{"href":"https:\/\/envoltaglobal.com\/es\/wp-json\/wp\/v2\/posts"}],"about":[{"href":"https:\/\/envoltaglobal.com\/es\/wp-json\/wp\/v2\/types\/post"}],"author":[{"embeddable":true,"href":"https:\/\/envoltaglobal.com\/es\/wp-json\/wp\/v2\/users\/2"}],"replies":[{"embeddable":true,"href":"https:\/\/envoltaglobal.com\/es\/wp-json\/wp\/v2\/comments?post=4076"}],"version-history":[{"count":1,"href":"https:\/\/envoltaglobal.com\/es\/wp-json\/wp\/v2\/posts\/4076\/revisions"}],"predecessor-version":[{"id":4086,"href":"https:\/\/envoltaglobal.com\/es\/wp-json\/wp\/v2\/posts\/4076\/revisions\/4086"}],"wp:featuredmedia":[{"embeddable":true,"href":"https:\/\/envoltaglobal.com\/es\/wp-json\/wp\/v2\/media\/4081"}],"wp:attachment":[{"href":"https:\/\/envoltaglobal.com\/es\/wp-json\/wp\/v2\/media?parent=4076"}],"wp:term":[{"taxonomy":"category","embeddable":true,"href":"https:\/\/envoltaglobal.com\/es\/wp-json\/wp\/v2\/categories?post=4076"},{"taxonomy":"post_tag","embeddable":true,"href":"https:\/\/envoltaglobal.com\/es\/wp-json\/wp\/v2\/tags?post=4076"}],"curies":[{"name":"wp","href":"https:\/\/api.w.org\/{rel}","templated":true}]}}