{"id":4095,"date":"2023-05-19T13:41:25","date_gmt":"2023-05-19T11:41:25","guid":{"rendered":"https:\/\/envoltaglobal.com\/sin-categoria\/energia-transformadora-reflexiones-de-la-primera-noche-de-bioenergia\/"},"modified":"2026-08-11T13:54:16","modified_gmt":"2026-08-11T11:54:16","slug":"energia-transformadora-reflexiones-de-la-primera-noche-de-bioenergia","status":"publish","type":"post","link":"https:\/\/envoltaglobal.com\/es\/energia\/energia-transformadora-reflexiones-de-la-primera-noche-de-bioenergia\/","title":{"rendered":"Energ\u00eda Transformadora: Reflexiones de la Primera Noche de Bioenerg\u00eda"},"content":{"rendered":"\t\t<div data-elementor-type=\"wp-post\" data-elementor-id=\"4095\" class=\"elementor elementor-4095 elementor-2928\" data-elementor-post-type=\"post\">\n\t\t\t\t<div class=\"elementor-element elementor-element-e4ddd09 e-flex e-con-boxed e-con e-parent\" data-id=\"e4ddd09\" data-element_type=\"container\" data-e-type=\"container\">\n\t\t\t\t\t<div class=\"e-con-inner\">\n\t\t<div class=\"elementor-element elementor-element-63e7c34 e-con-full e-flex e-con e-child\" data-id=\"63e7c34\" data-element_type=\"container\" data-e-type=\"container\">\n\t\t\t\t<div class=\"elementor-element elementor-element-7d6657a elementor-widget elementor-widget-heading\" data-id=\"7d6657a\" data-element_type=\"widget\" data-e-type=\"widget\" data-widget_type=\"heading.default\">\n\t\t\t\t<div class=\"elementor-widget-container\">\n\t\t\t\t\t<h1 class=\"elementor-heading-title elementor-size-default\">Energ\u00eda Transformadora: Reflexiones de la Primera Noche de Bioenerg\u00eda<\/h1>\t\t\t\t<\/div>\n\t\t\t\t<\/div>\n\t\t\t\t<div class=\"elementor-element elementor-element-f153c38 elementor-widget__width-initial elementor-widget elementor-widget-text-editor\" data-id=\"f153c38\" data-element_type=\"widget\" data-e-type=\"widget\" data-widget_type=\"text-editor.default\">\n\t\t\t\t<div class=\"elementor-widget-container\">\n\t\t\t\t\t\t\t\t\t<h5>Gracias al Cl\u00faster Bioenergia Catalunya por organizar este evento de Bioenerg\u00eda, el<strong> motor de la transformaci\u00f3n ecol\u00f3gica<\/strong>. Desde Envolta Energia queremos felicitar a los ponentes: <\/h5>\t\t\t\t\t\t\t\t<\/div>\n\t\t\t\t<\/div>\n\t\t\t\t<div class=\"elementor-element elementor-element-a39f68e elementor-widget__width-initial elementor-widget elementor-widget-text-editor\" data-id=\"a39f68e\" data-element_type=\"widget\" data-e-type=\"widget\" data-widget_type=\"text-editor.default\">\n\t\t\t\t<div class=\"elementor-widget-container\">\n\t\t\t\t\t\t\t\t\t<ul><li><strong>Alba Cabanyes, <\/strong>de SustainThinking, que profundiz\u00f3 en las consecuencias actuales de la crisis clim\u00e1tica, nuestra obligaci\u00f3n como sociedad de afrontarla y la urgente necesidad de transici\u00f3n energ\u00e9tica en todos los sectores, destacando las oportunidades emergentes hacia una econom\u00eda circular.<\/li><li><strong>Christoph Pfemeter,<\/strong> para compartir una visi\u00f3n sobre el futuro de la bioenerg\u00eda en Europa y el papel clave que desempe\u00f1a el uso de la bioenerg\u00eda para la seguridad energ\u00e9tica del continente, proporcionando una fuente de energ\u00eda fiable y sostenible.<\/li><li><strong>Xavier Marcet<\/strong> de Lead to Change para inspirar a los emprendedores sobre liderazgo e innovaci\u00f3n. \u00abSin riesgo no hay innovaci\u00f3n\u00bb, y en el contexto de la sostenibilidad, es crucial actuar en el presente y poner el futuro en la agenda, incluso cuando estamos ocupados. <\/li><\/ul>\t\t\t\t\t\t\t\t<\/div>\n\t\t\t\t<\/div>\n\t\t\t\t<\/div>\n\t\t<div class=\"elementor-element elementor-element-c7a39cf e-con-full e-flex e-con e-child\" data-id=\"c7a39cf\" data-element_type=\"container\" data-e-type=\"container\" data-settings=\"{&quot;background_background&quot;:&quot;classic&quot;}\">\n\t\t\t\t<div class=\"elementor-element elementor-element-e6a39e2 elementor-widget elementor-widget-spacer\" data-id=\"e6a39e2\" data-element_type=\"widget\" data-e-type=\"widget\" data-widget_type=\"spacer.default\">\n\t\t\t\t<div class=\"elementor-widget-container\">\n\t\t\t\t\t\t\t<div class=\"elementor-spacer\">\n\t\t\t<div class=\"elementor-spacer-inner\"><\/div>\n\t\t<\/div>\n\t\t\t\t\t\t<\/div>\n\t\t\t\t<\/div>\n\t\t\t\t<\/div>\n\t\t\t\t\t<\/div>\n\t\t\t\t<\/div>\n\t\t<div class=\"elementor-element elementor-element-bb9e59b e-flex e-con-boxed e-con e-parent\" data-id=\"bb9e59b\" data-element_type=\"container\" data-e-type=\"container\">\n\t\t\t\t\t<div class=\"e-con-inner\">\n\t\t\t\t<div class=\"elementor-element elementor-element-cec70d7 elementor-widget__width-initial elementor-widget elementor-widget-text-editor\" data-id=\"cec70d7\" data-element_type=\"widget\" data-e-type=\"widget\" data-widget_type=\"text-editor.default\">\n\t\t\t\t<div class=\"elementor-widget-container\">\n\t\t\t\t\t\t\t\t\t<p>La bioenerg\u00eda desempe\u00f1a un papel fundamental en la transici\u00f3n energ\u00e9tica de Europa, la seguridad energ\u00e9tica y la reducci\u00f3n de emisiones de carbono. Desde Envolta Energia, agradecemos al Cl\u00faster de Bioenerg\u00eda Catalu\u00f1a por invitarnos a este acto de<strong> liderazgo empresarial e innovaci\u00f3n para afrontar los retos actuales y crear un futuro sostenible<\/strong>, y a la muy honorable Ministra de Acci\u00f3n Clim\u00e1tica, Alimentaci\u00f3n y Agenda Rural, Teresa Jord\u00e0 Roura, por asumir esta responsabilidad con la bioenerg\u00eda. <\/p>\t\t\t\t\t\t\t\t<\/div>\n\t\t\t\t<\/div>\n\t\t\t\t\t<\/div>\n\t\t\t\t<\/div>\n\t\t<div class=\"elementor-element elementor-element-6592ca1 e-flex e-con-boxed e-con e-parent\" data-id=\"6592ca1\" data-element_type=\"container\" data-e-type=\"container\">\n\t\t\t\t\t<div class=\"e-con-inner\">\n\t\t\t\t<div class=\"elementor-element elementor-element-c95c4c4 elementor-widget elementor-widget-template\" data-id=\"c95c4c4\" data-element_type=\"widget\" data-e-type=\"widget\" data-widget_type=\"template.default\">\n\t\t\t\t<div class=\"elementor-widget-container\">\n\t\t\t\t\t\t\t<div class=\"elementor-template\">\n\t\t\t\t\t<div data-elementor-type=\"container\" data-elementor-id=\"2297\" class=\"elementor elementor-2297 elementor-1640 elementor-1640\" data-elementor-post-type=\"elementor_library\">\n\t\t\t\t<div class=\"elementor-element elementor-element-43af5810 e-flex e-con-boxed e-con e-parent\" data-id=\"43af5810\" data-element_type=\"container\" data-e-type=\"container\" data-settings=\"{&quot;background_background&quot;:&quot;classic&quot;}\">\n\t\t\t\t\t<div class=\"e-con-inner\">\n\t\t<div class=\"elementor-element elementor-element-53e91306 e-con-full e-flex e-con e-child\" data-id=\"53e91306\" data-element_type=\"container\" data-e-type=\"container\">\n\t\t\t\t<div class=\"elementor-element elementor-element-7628bcfc elementor-widget elementor-widget-heading\" data-id=\"7628bcfc\" data-element_type=\"widget\" data-e-type=\"widget\" data-widget_type=\"heading.default\">\n\t\t\t\t<div class=\"elementor-widget-container\">\n\t\t\t\t\t<h2 class=\"elementor-heading-title elementor-size-default\">\u00bfC\u00f3mo podemos ayudarte?<\/h2>\t\t\t\t<\/div>\n\t\t\t\t<\/div>\n\t\t\t\t<div class=\"elementor-element elementor-element-6897c03 elementor-widget elementor-widget-text-editor\" data-id=\"6897c03\" data-element_type=\"widget\" data-e-type=\"widget\" data-widget_type=\"text-editor.default\">\n\t\t\t\t<div class=\"elementor-widget-container\">\n\t\t\t\t\t\t\t\t\t<p>Te gu\u00edamos en sostenibilidad y cumplimiento normativo para que tu negocio crezca con impacto y seguridad.  <\/p>\t\t\t\t\t\t\t\t<\/div>\n\t\t\t\t<\/div>\n\t\t\t\t<div class=\"elementor-element elementor-element-587e1ebb elementor-widget elementor-widget-button\" data-id=\"587e1ebb\" data-element_type=\"widget\" data-e-type=\"widget\" data-widget_type=\"button.default\">\n\t\t\t\t<div class=\"elementor-widget-container\">\n\t\t\t\t\t\t\t\t\t<div class=\"elementor-button-wrapper\">\n\t\t\t\t\t<a class=\"elementor-button elementor-button-link elementor-size-sm\" href=\"https:\/\/envoltaglobal.com\/es\/contacta\/\">\n\t\t\t\t\t\t<span class=\"elementor-button-content-wrapper\">\n\t\t\t\t\t\t\t\t\t<span class=\"elementor-button-text\">CONTACTA<\/span>\n\t\t\t\t\t<\/span>\n\t\t\t\t\t<\/a>\n\t\t\t\t<\/div>\n\t\t\t\t\t\t\t\t<\/div>\n\t\t\t\t<\/div>\n\t\t\t\t<\/div>\n\t\t<div class=\"elementor-element elementor-element-48850d91 e-con-full e-flex e-con e-child\" data-id=\"48850d91\" data-element_type=\"container\" data-e-type=\"container\" data-settings=\"{&quot;background_background&quot;:&quot;classic&quot;}\">\n\t\t\t\t<div class=\"elementor-element elementor-element-446bcd50 elementor-widget elementor-widget-spacer\" data-id=\"446bcd50\" data-element_type=\"widget\" data-e-type=\"widget\" data-widget_type=\"spacer.default\">\n\t\t\t\t<div class=\"elementor-widget-container\">\n\t\t\t\t\t\t\t<div class=\"elementor-spacer\">\n\t\t\t<div class=\"elementor-spacer-inner\"><\/div>\n\t\t<\/div>\n\t\t\t\t\t\t<\/div>\n\t\t\t\t<\/div>\n\t\t\t\t<\/div>\n\t\t\t\t\t<\/div>\n\t\t\t\t<\/div>\n\t\t\t\t<\/div>\n\t\t\t\t<\/div>\n\t\t\t\t\t\t<\/div>\n\t\t\t\t<\/div>\n\t\t\t\t\t<\/div>\n\t\t\t\t<\/div>\n\t\t\t\t<\/div>\n\t\t","protected":false},"excerpt":{"rendered":"<p>Gracias al Cl\u00faster Bioenergia Catalunya por organizar este evento de Bioenerg\u00eda, el motor de la transformaci\u00f3n ecol\u00f3gica.<\/p>\n","protected":false},"author":2,"featured_media":4096,"comment_status":"closed","ping_status":"closed","sticky":false,"template":"","format":"standard","meta":{"_acf_changed":false,"inline_featured_image":false,"footnotes":""},"categories":[55],"tags":[],"class_list":["post-4095","post","type-post","status-publish","format-standard","has-post-thumbnail","hentry","category-energia"],"acf":[],"yoast_head":"<!-- This site is optimized with the Yoast SEO plugin v28.1 - https:\/\/yoast.com\/product\/yoast-seo-wordpress\/ -->\n<title>\u25b7Energ\u00eda Transformadora: Reflexiones de la Primera Noche de Bioenerg\u00eda - \u3010 Envolta Global \u3011<\/title>\n<meta name=\"description\" content=\"Gracias al Cl\u00faster Bioenergia Catalunya por organizar este evento de Bioenerg\u00eda, el motor de la transformaci\u00f3n ecol\u00f3gica. \u2713\" \/>\n<meta name=\"robots\" content=\"index, follow, max-snippet:-1, max-image-preview:large, max-video-preview:-1\" \/>\n<link rel=\"canonical\" href=\"https:\/\/envoltaglobal.com\/es\/energia\/energia-transformadora-reflexiones-de-la-primera-noche-de-bioenergia\/\" \/>\n<meta property=\"og:locale\" content=\"es_ES\" \/>\n<meta property=\"og:type\" content=\"article\" \/>\n<meta property=\"og:title\" content=\"\u25b7Energ\u00eda Transformadora: Reflexiones de la Primera Noche de Bioenerg\u00eda - \u3010 Envolta Global \u3011\" \/>\n<meta property=\"og:description\" content=\"Gracias al Cl\u00faster Bioenergia Catalunya por organizar este evento de Bioenerg\u00eda, el motor de la transformaci\u00f3n ecol\u00f3gica. \u2713\" \/>\n<meta property=\"og:url\" content=\"https:\/\/envoltaglobal.com\/es\/energia\/energia-transformadora-reflexiones-de-la-primera-noche-de-bioenergia\/\" \/>\n<meta property=\"og:site_name\" content=\"Envolta Global\" \/>\n<meta property=\"article:published_time\" content=\"2023-05-19T11:41:25+00:00\" \/>\n<meta property=\"article:modified_time\" content=\"2026-08-11T11:54:16+00:00\" \/>\n<meta property=\"og:image\" content=\"https:\/\/envoltaglobal.com\/wp-content\/uploads\/2026\/06\/Nit-de-la-bioenergia-e1690561400220.png\" \/>\n\t<meta property=\"og:image:width\" content=\"1920\" \/>\n\t<meta property=\"og:image:height\" content=\"1371\" \/>\n\t<meta property=\"og:image:type\" content=\"image\/png\" \/>\n<meta name=\"author\" content=\"wwwarcelona Dev user\" \/>\n<meta name=\"twitter:card\" content=\"summary_large_image\" \/>\n<meta name=\"twitter:label1\" content=\"Escrito por\" \/>\n\t<meta name=\"twitter:data1\" content=\"wwwarcelona Dev user\" \/>\n\t<meta name=\"twitter:label2\" content=\"Tiempo de lectura\" \/>\n\t<meta name=\"twitter:data2\" content=\"1 minuto\" \/>\n<script type=\"application\/ld+json\" class=\"yoast-schema-graph\">{\"@context\":\"https:\\\/\\\/schema.org\",\"@graph\":[{\"@type\":\"Article\",\"@id\":\"https:\\\/\\\/envoltaglobal.com\\\/es\\\/energia\\\/energia-transformadora-reflexiones-de-la-primera-noche-de-bioenergia\\\/#article\",\"isPartOf\":{\"@id\":\"https:\\\/\\\/envoltaglobal.com\\\/es\\\/energia\\\/energia-transformadora-reflexiones-de-la-primera-noche-de-bioenergia\\\/\"},\"author\":{\"name\":\"wwwarcelona Dev user\",\"@id\":\"https:\\\/\\\/envoltaglobal.com\\\/es\\\/#\\\/schema\\\/person\\\/cf24f1946a9c88bc41aea5d46c7db891\"},\"headline\":\"Energ\u00eda Transformadora: Reflexiones de la Primera Noche de Bioenerg\u00eda\",\"datePublished\":\"2023-05-19T11:41:25+00:00\",\"dateModified\":\"2026-08-11T11:54:16+00:00\",\"mainEntityOfPage\":{\"@id\":\"https:\\\/\\\/envoltaglobal.com\\\/es\\\/energia\\\/energia-transformadora-reflexiones-de-la-primera-noche-de-bioenergia\\\/\"},\"wordCount\":263,\"publisher\":{\"@id\":\"https:\\\/\\\/envoltaglobal.com\\\/es\\\/#organization\"},\"image\":{\"@id\":\"https:\\\/\\\/envoltaglobal.com\\\/es\\\/energia\\\/energia-transformadora-reflexiones-de-la-primera-noche-de-bioenergia\\\/#primaryimage\"},\"thumbnailUrl\":\"https:\\\/\\\/envoltaglobal.com\\\/wp-content\\\/uploads\\\/2026\\\/06\\\/Nit-de-la-bioenergia-e1690561400220.png\",\"articleSection\":[\"Energ\u00eda\"],\"inLanguage\":\"es\"},{\"@type\":\"WebPage\",\"@id\":\"https:\\\/\\\/envoltaglobal.com\\\/es\\\/energia\\\/energia-transformadora-reflexiones-de-la-primera-noche-de-bioenergia\\\/\",\"url\":\"https:\\\/\\\/envoltaglobal.com\\\/es\\\/energia\\\/energia-transformadora-reflexiones-de-la-primera-noche-de-bioenergia\\\/\",\"name\":\"\u25b7Energ\u00eda Transformadora: Reflexiones de la Primera Noche de Bioenerg\u00eda - \u3010 Envolta Global \u3011\",\"isPartOf\":{\"@id\":\"https:\\\/\\\/envoltaglobal.com\\\/es\\\/#website\"},\"primaryImageOfPage\":{\"@id\":\"https:\\\/\\\/envoltaglobal.com\\\/es\\\/energia\\\/energia-transformadora-reflexiones-de-la-primera-noche-de-bioenergia\\\/#primaryimage\"},\"image\":{\"@id\":\"https:\\\/\\\/envoltaglobal.com\\\/es\\\/energia\\\/energia-transformadora-reflexiones-de-la-primera-noche-de-bioenergia\\\/#primaryimage\"},\"thumbnailUrl\":\"https:\\\/\\\/envoltaglobal.com\\\/wp-content\\\/uploads\\\/2026\\\/06\\\/Nit-de-la-bioenergia-e1690561400220.png\",\"datePublished\":\"2023-05-19T11:41:25+00:00\",\"dateModified\":\"2026-08-11T11:54:16+00:00\",\"description\":\"Gracias al Cl\u00faster Bioenergia Catalunya por organizar este evento de Bioenerg\u00eda, el motor de la transformaci\u00f3n ecol\u00f3gica. \u2713\",\"breadcrumb\":{\"@id\":\"https:\\\/\\\/envoltaglobal.com\\\/es\\\/energia\\\/energia-transformadora-reflexiones-de-la-primera-noche-de-bioenergia\\\/#breadcrumb\"},\"inLanguage\":\"es\",\"potentialAction\":[{\"@type\":\"ReadAction\",\"target\":[\"https:\\\/\\\/envoltaglobal.com\\\/es\\\/energia\\\/energia-transformadora-reflexiones-de-la-primera-noche-de-bioenergia\\\/\"]}]},{\"@type\":\"ImageObject\",\"inLanguage\":\"es\",\"@id\":\"https:\\\/\\\/envoltaglobal.com\\\/es\\\/energia\\\/energia-transformadora-reflexiones-de-la-primera-noche-de-bioenergia\\\/#primaryimage\",\"url\":\"https:\\\/\\\/envoltaglobal.com\\\/wp-content\\\/uploads\\\/2026\\\/06\\\/Nit-de-la-bioenergia-e1690561400220.png\",\"contentUrl\":\"https:\\\/\\\/envoltaglobal.com\\\/wp-content\\\/uploads\\\/2026\\\/06\\\/Nit-de-la-bioenergia-e1690561400220.png\",\"width\":1920,\"height\":1371},{\"@type\":\"BreadcrumbList\",\"@id\":\"https:\\\/\\\/envoltaglobal.com\\\/es\\\/energia\\\/energia-transformadora-reflexiones-de-la-primera-noche-de-bioenergia\\\/#breadcrumb\",\"itemListElement\":[{\"@type\":\"ListItem\",\"position\":1,\"name\":\"Portada\",\"item\":\"https:\\\/\\\/envoltaglobal.com\\\/es\\\/hombre\\\/\"},{\"@type\":\"ListItem\",\"position\":2,\"name\":\"Energ\u00eda Transformadora: Reflexiones de la Primera Noche de Bioenerg\u00eda\"}]},{\"@type\":\"WebSite\",\"@id\":\"https:\\\/\\\/envoltaglobal.com\\\/es\\\/#website\",\"url\":\"https:\\\/\\\/envoltaglobal.com\\\/es\\\/\",\"name\":\"Envolta Global\",\"description\":\"Envolta\",\"publisher\":{\"@id\":\"https:\\\/\\\/envoltaglobal.com\\\/es\\\/#organization\"},\"potentialAction\":[{\"@type\":\"SearchAction\",\"target\":{\"@type\":\"EntryPoint\",\"urlTemplate\":\"https:\\\/\\\/envoltaglobal.com\\\/es\\\/?s={search_term_string}\"},\"query-input\":{\"@type\":\"PropertyValueSpecification\",\"valueRequired\":true,\"valueName\":\"search_term_string\"}}],\"inLanguage\":\"es\"},{\"@type\":\"Organization\",\"@id\":\"https:\\\/\\\/envoltaglobal.com\\\/es\\\/#organization\",\"name\":\"Envolta Global\",\"url\":\"https:\\\/\\\/envoltaglobal.com\\\/es\\\/\",\"logo\":{\"@type\":\"ImageObject\",\"inLanguage\":\"es\",\"@id\":\"https:\\\/\\\/envoltaglobal.com\\\/es\\\/#\\\/schema\\\/logo\\\/image\\\/\",\"url\":\"https:\\\/\\\/envoltaglobal.com\\\/wp-content\\\/uploads\\\/2026\\\/06\\\/cropped-Envolta_energia-logo.png\",\"contentUrl\":\"https:\\\/\\\/envoltaglobal.com\\\/wp-content\\\/uploads\\\/2026\\\/06\\\/cropped-Envolta_energia-logo.png\",\"width\":1257,\"height\":198,\"caption\":\"Envolta Global\"},\"image\":{\"@id\":\"https:\\\/\\\/envoltaglobal.com\\\/es\\\/#\\\/schema\\\/logo\\\/image\\\/\"}},{\"@type\":\"Person\",\"@id\":\"https:\\\/\\\/envoltaglobal.com\\\/es\\\/#\\\/schema\\\/person\\\/cf24f1946a9c88bc41aea5d46c7db891\",\"name\":\"wwwarcelona Dev user\",\"image\":{\"@type\":\"ImageObject\",\"inLanguage\":\"es\",\"@id\":\"https:\\\/\\\/secure.gravatar.com\\\/avatar\\\/0c6819356538849544fe79abd31afb6f42861bbb96368a1f2151f9a226524dcd?s=96&d=mm&r=g\",\"url\":\"https:\\\/\\\/secure.gravatar.com\\\/avatar\\\/0c6819356538849544fe79abd31afb6f42861bbb96368a1f2151f9a226524dcd?s=96&d=mm&r=g\",\"contentUrl\":\"https:\\\/\\\/secure.gravatar.com\\\/avatar\\\/0c6819356538849544fe79abd31afb6f42861bbb96368a1f2151f9a226524dcd?s=96&d=mm&r=g\",\"caption\":\"wwwarcelona Dev user\"}}]}<\/script>\n<!-- \/ Yoast SEO plugin. -->","yoast_head_json":{"title":"\u25b7Energ\u00eda Transformadora: Reflexiones de la Primera Noche de Bioenerg\u00eda - \u3010 Envolta Global \u3011","description":"Gracias al Cl\u00faster Bioenergia Catalunya por organizar este evento de Bioenerg\u00eda, el motor de la transformaci\u00f3n ecol\u00f3gica. \u2713","robots":{"index":"index","follow":"follow","max-snippet":"max-snippet:-1","max-image-preview":"max-image-preview:large","max-video-preview":"max-video-preview:-1"},"canonical":"https:\/\/envoltaglobal.com\/es\/energia\/energia-transformadora-reflexiones-de-la-primera-noche-de-bioenergia\/","og_locale":"es_ES","og_type":"article","og_title":"\u25b7Energ\u00eda Transformadora: Reflexiones de la Primera Noche de Bioenerg\u00eda - \u3010 Envolta Global \u3011","og_description":"Gracias al Cl\u00faster Bioenergia Catalunya por organizar este evento de Bioenerg\u00eda, el motor de la transformaci\u00f3n ecol\u00f3gica. \u2713","og_url":"https:\/\/envoltaglobal.com\/es\/energia\/energia-transformadora-reflexiones-de-la-primera-noche-de-bioenergia\/","og_site_name":"Envolta Global","article_published_time":"2023-05-19T11:41:25+00:00","article_modified_time":"2026-08-11T11:54:16+00:00","og_image":[{"width":1920,"height":1371,"url":"https:\/\/envoltaglobal.com\/wp-content\/uploads\/2026\/06\/Nit-de-la-bioenergia-e1690561400220.png","type":"image\/png"}],"author":"wwwarcelona Dev user","twitter_card":"summary_large_image","twitter_misc":{"Escrito por":"wwwarcelona Dev user","Tiempo de lectura":"1 minuto"},"schema":{"@context":"https:\/\/schema.org","@graph":[{"@type":"Article","@id":"https:\/\/envoltaglobal.com\/es\/energia\/energia-transformadora-reflexiones-de-la-primera-noche-de-bioenergia\/#article","isPartOf":{"@id":"https:\/\/envoltaglobal.com\/es\/energia\/energia-transformadora-reflexiones-de-la-primera-noche-de-bioenergia\/"},"author":{"name":"wwwarcelona Dev user","@id":"https:\/\/envoltaglobal.com\/es\/#\/schema\/person\/cf24f1946a9c88bc41aea5d46c7db891"},"headline":"Energ\u00eda Transformadora: Reflexiones de la Primera Noche de Bioenerg\u00eda","datePublished":"2023-05-19T11:41:25+00:00","dateModified":"2026-08-11T11:54:16+00:00","mainEntityOfPage":{"@id":"https:\/\/envoltaglobal.com\/es\/energia\/energia-transformadora-reflexiones-de-la-primera-noche-de-bioenergia\/"},"wordCount":263,"publisher":{"@id":"https:\/\/envoltaglobal.com\/es\/#organization"},"image":{"@id":"https:\/\/envoltaglobal.com\/es\/energia\/energia-transformadora-reflexiones-de-la-primera-noche-de-bioenergia\/#primaryimage"},"thumbnailUrl":"https:\/\/envoltaglobal.com\/wp-content\/uploads\/2026\/06\/Nit-de-la-bioenergia-e1690561400220.png","articleSection":["Energ\u00eda"],"inLanguage":"es"},{"@type":"WebPage","@id":"https:\/\/envoltaglobal.com\/es\/energia\/energia-transformadora-reflexiones-de-la-primera-noche-de-bioenergia\/","url":"https:\/\/envoltaglobal.com\/es\/energia\/energia-transformadora-reflexiones-de-la-primera-noche-de-bioenergia\/","name":"\u25b7Energ\u00eda Transformadora: Reflexiones de la Primera Noche de Bioenerg\u00eda - \u3010 Envolta Global \u3011","isPartOf":{"@id":"https:\/\/envoltaglobal.com\/es\/#website"},"primaryImageOfPage":{"@id":"https:\/\/envoltaglobal.com\/es\/energia\/energia-transformadora-reflexiones-de-la-primera-noche-de-bioenergia\/#primaryimage"},"image":{"@id":"https:\/\/envoltaglobal.com\/es\/energia\/energia-transformadora-reflexiones-de-la-primera-noche-de-bioenergia\/#primaryimage"},"thumbnailUrl":"https:\/\/envoltaglobal.com\/wp-content\/uploads\/2026\/06\/Nit-de-la-bioenergia-e1690561400220.png","datePublished":"2023-05-19T11:41:25+00:00","dateModified":"2026-08-11T11:54:16+00:00","description":"Gracias al Cl\u00faster Bioenergia Catalunya por organizar este evento de Bioenerg\u00eda, el motor de la transformaci\u00f3n ecol\u00f3gica. \u2713","breadcrumb":{"@id":"https:\/\/envoltaglobal.com\/es\/energia\/energia-transformadora-reflexiones-de-la-primera-noche-de-bioenergia\/#breadcrumb"},"inLanguage":"es","potentialAction":[{"@type":"ReadAction","target":["https:\/\/envoltaglobal.com\/es\/energia\/energia-transformadora-reflexiones-de-la-primera-noche-de-bioenergia\/"]}]},{"@type":"ImageObject","inLanguage":"es","@id":"https:\/\/envoltaglobal.com\/es\/energia\/energia-transformadora-reflexiones-de-la-primera-noche-de-bioenergia\/#primaryimage","url":"https:\/\/envoltaglobal.com\/wp-content\/uploads\/2026\/06\/Nit-de-la-bioenergia-e1690561400220.png","contentUrl":"https:\/\/envoltaglobal.com\/wp-content\/uploads\/2026\/06\/Nit-de-la-bioenergia-e1690561400220.png","width":1920,"height":1371},{"@type":"BreadcrumbList","@id":"https:\/\/envoltaglobal.com\/es\/energia\/energia-transformadora-reflexiones-de-la-primera-noche-de-bioenergia\/#breadcrumb","itemListElement":[{"@type":"ListItem","position":1,"name":"Portada","item":"https:\/\/envoltaglobal.com\/es\/hombre\/"},{"@type":"ListItem","position":2,"name":"Energ\u00eda Transformadora: Reflexiones de la Primera Noche de Bioenerg\u00eda"}]},{"@type":"WebSite","@id":"https:\/\/envoltaglobal.com\/es\/#website","url":"https:\/\/envoltaglobal.com\/es\/","name":"Envolta Global","description":"Envolta","publisher":{"@id":"https:\/\/envoltaglobal.com\/es\/#organization"},"potentialAction":[{"@type":"SearchAction","target":{"@type":"EntryPoint","urlTemplate":"https:\/\/envoltaglobal.com\/es\/?s={search_term_string}"},"query-input":{"@type":"PropertyValueSpecification","valueRequired":true,"valueName":"search_term_string"}}],"inLanguage":"es"},{"@type":"Organization","@id":"https:\/\/envoltaglobal.com\/es\/#organization","name":"Envolta Global","url":"https:\/\/envoltaglobal.com\/es\/","logo":{"@type":"ImageObject","inLanguage":"es","@id":"https:\/\/envoltaglobal.com\/es\/#\/schema\/logo\/image\/","url":"https:\/\/envoltaglobal.com\/wp-content\/uploads\/2026\/06\/cropped-Envolta_energia-logo.png","contentUrl":"https:\/\/envoltaglobal.com\/wp-content\/uploads\/2026\/06\/cropped-Envolta_energia-logo.png","width":1257,"height":198,"caption":"Envolta Global"},"image":{"@id":"https:\/\/envoltaglobal.com\/es\/#\/schema\/logo\/image\/"}},{"@type":"Person","@id":"https:\/\/envoltaglobal.com\/es\/#\/schema\/person\/cf24f1946a9c88bc41aea5d46c7db891","name":"wwwarcelona Dev user","image":{"@type":"ImageObject","inLanguage":"es","@id":"https:\/\/secure.gravatar.com\/avatar\/0c6819356538849544fe79abd31afb6f42861bbb96368a1f2151f9a226524dcd?s=96&d=mm&r=g","url":"https:\/\/secure.gravatar.com\/avatar\/0c6819356538849544fe79abd31afb6f42861bbb96368a1f2151f9a226524dcd?s=96&d=mm&r=g","contentUrl":"https:\/\/secure.gravatar.com\/avatar\/0c6819356538849544fe79abd31afb6f42861bbb96368a1f2151f9a226524dcd?s=96&d=mm&r=g","caption":"wwwarcelona Dev user"}}]}},"_links":{"self":[{"href":"https:\/\/envoltaglobal.com\/es\/wp-json\/wp\/v2\/posts\/4095","targetHints":{"allow":["GET"]}}],"collection":[{"href":"https:\/\/envoltaglobal.com\/es\/wp-json\/wp\/v2\/posts"}],"about":[{"href":"https:\/\/envoltaglobal.com\/es\/wp-json\/wp\/v2\/types\/post"}],"author":[{"embeddable":true,"href":"https:\/\/envoltaglobal.com\/es\/wp-json\/wp\/v2\/users\/2"}],"replies":[{"embeddable":true,"href":"https:\/\/envoltaglobal.com\/es\/wp-json\/wp\/v2\/comments?post=4095"}],"version-history":[{"count":1,"href":"https:\/\/envoltaglobal.com\/es\/wp-json\/wp\/v2\/posts\/4095\/revisions"}],"predecessor-version":[{"id":4097,"href":"https:\/\/envoltaglobal.com\/es\/wp-json\/wp\/v2\/posts\/4095\/revisions\/4097"}],"wp:featuredmedia":[{"embeddable":true,"href":"https:\/\/envoltaglobal.com\/es\/wp-json\/wp\/v2\/media\/4096"}],"wp:attachment":[{"href":"https:\/\/envoltaglobal.com\/es\/wp-json\/wp\/v2\/media?parent=4095"}],"wp:term":[{"taxonomy":"category","embeddable":true,"href":"https:\/\/envoltaglobal.com\/es\/wp-json\/wp\/v2\/categories?post=4095"},{"taxonomy":"post_tag","embeddable":true,"href":"https:\/\/envoltaglobal.com\/es\/wp-json\/wp\/v2\/tags?post=4095"}],"curies":[{"name":"wp","href":"https:\/\/api.w.org\/{rel}","templated":true}]}}